{"id":177525,"date":"2023-11-21T11:12:15","date_gmt":"2023-11-21T10:12:15","guid":{"rendered":"http:\/\/www.messinaoggi.it\/website\/?p=177525"},"modified":"2023-11-21T17:00:16","modified_gmt":"2023-11-21T16:00:16","slug":"nuovo-comandante-municipale-cantello-e-la-fauci-sollevano-dubbi","status":"publish","type":"post","link":"https:\/\/www.messinaoggi.it\/website\/2023\/11\/21\/nuovo-comandante-municipale-cantello-e-la-fauci-sollevano-dubbi\/","title":{"rendered":"Nuovo comandante Municipale, Cantello e La Fauci sollevano dubbi"},"content":{"rendered":"\n<p>I vicepresidenti del Consiglio Comunale Mirko Cantello e Giandomenico La Fauci intervengono nuovamente sulla fine dell&#8217;incarico di comandante della Polizia Municipale di Messina per Stefano Blasco e la nomina di un nuovo comandante, Maurizio Cannav\u00f2, ponendo tutta una serie di interrogativi. <div id=\"div-gpt-ad-Messinaoggi.it-DSK-300x250-corpoart\" style=\"text-align:center;margin:0 auto;\"><\/div><\/p>\n\n\n\n<p>\u00abLe vicende riguardanti il ruolo di comandante della Polizia Municipale di Messina stanno, ormai, prendendo i contorni del grottesco. Nelle settimane scorse avevamo presentato due diverse interrogazioni per chiedere all\u2019amministrazione le motivazioni della mancata riconferma &#8211; pur temporanea &#8211; di Stefano Blasco. Non eravamo, infatti, pienamente convinti dalle dichiarazioni pubbliche espresse sul tema. Inspiegabilmente, e con una precisa mancanza di educazione politica, l\u2019amministrazione non ha degnato alcuno di una risposta. <div id=\"videoincontent\" style=\"clear:both\";><\/div><\/p>\n\n\n\n<p>Un muro di silenzio del tutto insopportabile. Il sindaco Basile, per\u00f2,  sulla vicenda \u00e8 tornato ospite di un talk politico. In quella circostanza, il primo cittadino, ha apertamente parlato di una convenzione della durata di 36 mesi &#8211; fino al termine del suo mandato da sindaco &#8211; per la copertura del ruolo in attesa dell\u2019obbligato concorso pubblico che dar\u00e0 un nuovo &#8211; non pi\u00f9 temporaneo &#8211; comandante alla Polizia Municipale della citt\u00e0 di Messina. Le parole vanno sempre soppesate e calibrate, soprattutto quando si parla esplicitamente della durata di un incarico. Nei giorni scorsi, per\u00f2, la nostra citt\u00e0 ha visto la nomina di un nuovo comandante con un accordo della durata iniziale &#8211; si noti bene la specifica &#8211; di 6 mesi: Maurizio Cannav\u00f2. Peccato, per\u00f2, che il dott. Cannav\u00f2 sia gi\u00e0 impegnato nel medesimo ruolo nella citt\u00e0 di Ragusa. L\u2019accordo, si legge nel documento tra i due Comuni, prevede l\u2019impegno lavorativo a Messina per cinque alla settimana con garanzia di almeno un giorno impegnato nello svolgimento del proprio ruolo a Ragusa, anche per via telematica.<\/p>\n\n\n\n<p>Da contestare, intanto, c\u2019\u00e8 la durata che non ha valore di 36 mesi assicurati come il sindaco Basile aveva dichiarato, in pi\u00f9 Cannav\u00f2 dovr\u00e0, comunque, svolgere le sue mansioni anche in un altro Comune. Evidente che l\u2019impegno nella citt\u00e0 di Ragusa non sia gravoso dal punto di vista temporale, ma per quale motivo l\u2019amministrazione comunale di Messina ha tanto insistito per poter nominare una figura che non pu\u00f2 svolgere in toto il suo incarico nella nostra citt\u00e0? Domanda lecita, a cui ne possono far seguito altre. <\/p>\n\n\n\n<p>Per esempio, preso atto della mancata di riconferma di Stefano Blasco, perch\u00e9 Giovanni Giardina \u00e8 stato nominato comandante facente funzione svolgendo, quindi, il doppio incarico dato che \u00e8 anche il comandante del Corpo di Polizia della citt\u00e0 metropolitana? Pare chiaro, quindi, quanto questa amministrazione &#8211; e in particolar modo il leader politico Cateno De Luca &#8211; siano avvezzi al non voler \u201ccollaborare\u201d con personale non scelto direttamente da loro. In barba, per\u00f2, alla condotta morale che richiederebbe una trasparenza cristallina in circostanze del genere. Cannav\u00f2, infatti, non \u00e8 stato nominato tramite il famoso concorso pubblico &#8211; che chiss\u00e0 quando avverr\u00e0 -, ma in maniera diretta dal Comune di Messina stesso. Riteniamo, in conclusione, che tali modalit\u00e0 non siano adeguate al tipo di situazione e che parecchie incongruenze di tipo politico e amministrativo vadano chiarite in tempi brevissimi\u00bb.<\/p>\n","protected":false},"excerpt":{"rendered":"<p>I vicepresidenti del Consiglio Comunale Mirko Cantello e Giandomenico La Fauci intervengono nuovamente sulla fine dell&#8217;incarico di comandante della Polizia Municipale di Messina per Stefano Blasco e la nomina di un nuovo comandante, Maurizio Cannav\u00f2, ponendo tutta una serie di interrogativi. \u00abLe vicende riguardanti il ruolo di comandante della Polizia Municipale di Messina stanno, ormai, [&hellip;]<\/p>\n","protected":false},"author":15,"featured_media":66621,"comment_status":"open","ping_status":"open","sticky":false,"template":"","format":"standard","meta":{"ub_ctt_via":"","_mi_skip_tracking":false},"categories":[1],"tags":[6470,3367,1129,9084,6491,657,6469],"featured_image_src":"https:\/\/www.messinaoggi.it\/website\/wp-content\/uploads\/2021\/05\/polizia-municipale-incidente-a-san-filippo.jpg","author_info":{"display_name":"red.me","author_link":"https:\/\/www.messinaoggi.it\/website\/author\/red-me\/"},"digistream_id":0,"digistream":false,"_links":{"self":[{"href":"https:\/\/www.messinaoggi.it\/website\/wp-json\/wp\/v2\/posts\/177525"}],"collection":[{"href":"https:\/\/www.messinaoggi.it\/website\/wp-json\/wp\/v2\/posts"}],"about":[{"href":"https:\/\/www.messinaoggi.it\/website\/wp-json\/wp\/v2\/types\/post"}],"author":[{"embeddable":true,"href":"https:\/\/www.messinaoggi.it\/website\/wp-json\/wp\/v2\/users\/15"}],"replies":[{"embeddable":true,"href":"https:\/\/www.messinaoggi.it\/website\/wp-json\/wp\/v2\/comments?post=177525"}],"version-history":[{"count":1,"href":"https:\/\/www.messinaoggi.it\/website\/wp-json\/wp\/v2\/posts\/177525\/revisions"}],"predecessor-version":[{"id":177529,"href":"https:\/\/www.messinaoggi.it\/website\/wp-json\/wp\/v2\/posts\/177525\/revisions\/177529"}],"wp:featuredmedia":[{"embeddable":true,"href":"https:\/\/www.messinaoggi.it\/website\/wp-json\/wp\/v2\/media\/66621"}],"wp:attachment":[{"href":"https:\/\/www.messinaoggi.it\/website\/wp-json\/wp\/v2\/media?parent=177525"}],"wp:term":[{"taxonomy":"category","embeddable":true,"href":"https:\/\/www.messinaoggi.it\/website\/wp-json\/wp\/v2\/categories?post=177525"},{"taxonomy":"post_tag","embeddable":true,"href":"https:\/\/www.messinaoggi.it\/website\/wp-json\/wp\/v2\/tags?post=177525"}],"curies":[{"name":"wp","href":"https:\/\/api.w.org\/{rel}","templated":true}]}}