{"id":17752,"date":"2018-04-03T19:44:26","date_gmt":"2018-04-03T17:44:26","guid":{"rendered":"http:\/\/www.messinaoggi.it\/website\/?p=17752"},"modified":"2018-04-03T19:44:26","modified_gmt":"2018-04-03T17:44:26","slug":"al-teatro-vittorio-emanuele-sinaugura-la-mostra-dal-titolo-le-porte-della-percezione","status":"publish","type":"post","link":"https:\/\/www.messinaoggi.it\/website\/2018\/04\/03\/al-teatro-vittorio-emanuele-sinaugura-la-mostra-dal-titolo-le-porte-della-percezione\/","title":{"rendered":"Al Teatro Vittorio Emanuele s&#039;inaugura  la mostra dal titolo Le porte della percezione"},"content":{"rendered":"<p>Venerd\u00ec, \u00a0alle ore 18.00, nell\u2019ambito del progetto \u201cOpera al centro\u201d, \u00a0sar\u00e0 inaugurata la \u00a0mostra dal titolo \u201c<strong>Le porte della percezione<\/strong>\u201d di Ignazio Pandolfo.<br \/>\nL\u2019autore, \u00a0docente universitario fino al 2010, ha sempre affiancato alle proprie funzioni professionali attivit\u00e0 di tipo creativo, affrontando,\u00a0 nell\u2019ambito delle arti visive, \u00a0sia i temi della figurazione, inizialmente ispirandosi a modelli derivanti dalla iconografia della pittura orientale per poi affrontare, in un successivo percorso di maturazione stilistica e tecnica, tematiche affini al surrealismo o a carattere francamente simbolistico.<br \/>\n<img loading=\"lazy\" class=\"alignnone size-medium wp-image-17754\" src=\"http:\/\/www.messinaoggi.it\/website\/wp-content\/uploads\/2018\/04\/Mutazione-olio-e-acrilico-su-tela-50x100-300x146.jpg\" alt=\"\" width=\"300\" height=\"146\" \/><br \/>\nIn una seconda fase, alla sua produzione figurativa si sono affiancati una serie di cicli pi\u00f9 propriamente attinenti all\u2019astrazione e all\u2019informale con sconfinamenti anche nella fotografia digitale, sovente contaminata da interventi pittorici.<br \/>\n<img loading=\"lazy\" class=\"alignnone size-medium wp-image-17753\" src=\"http:\/\/www.messinaoggi.it\/website\/wp-content\/uploads\/2018\/04\/Cercando-la-luce-tecn-mista-tela30x80-2016-111x300.jpg\" alt=\"\" width=\"111\" height=\"300\" \/><br \/>\nAll\u2019inaugurazione della mostra interverranno il Presidente del Teatro Vittorio Emanuele, Luciano Fiorino e il Sovrintendente Egidio Bernava Morante.<br \/>\nLa mostra si potr\u00e0 visitare fino a mercoled\u00ec 18 aprile dalle ore 10.00 alle 13.00 e dalle 16.30 alle 19.00, escluso il luned\u00ec.<br \/>\nUn vernissage da non perdere, dunque, che sapr\u00e0 regalare ai visitatori incredibili emozioni.<div id=\"div-gpt-ad-Messinaoggi.it-DSK-300x250-corpoart\" style=\"text-align:center;margin:0 auto;\"><\/div><\/p>\n<div id=\"videoincontent\" style=\"clear:both\";><\/div>","protected":false},"excerpt":{"rendered":"<p>Venerd\u00ec, \u00a0alle ore 18.00, nell\u2019ambito del progetto \u201cOpera al centro\u201d, \u00a0sar\u00e0 inaugurata la \u00a0mostra dal titolo \u201cLe porte della percezione\u201d di Ignazio Pandolfo. L\u2019autore, \u00a0docente universitario fino al 2010, ha sempre affiancato alle proprie funzioni professionali attivit\u00e0 di tipo creativo, affrontando,\u00a0 nell\u2019ambito delle arti visive, \u00a0sia i temi della figurazione, inizialmente ispirandosi a modelli derivanti [&hellip;]<\/p>\n","protected":false},"author":5,"featured_media":17755,"comment_status":"closed","ping_status":"open","sticky":false,"template":"","format":"standard","meta":{"ub_ctt_via":"","_mi_skip_tracking":false},"categories":[16],"tags":[],"featured_image_src":"https:\/\/www.messinaoggi.it\/website\/wp-content\/uploads\/2018\/04\/Pioggia-nera-acrilico-e-olio-su-tela-120x120-2.jpg","author_info":{"display_name":"Maria Antonella Saia","author_link":"https:\/\/www.messinaoggi.it\/website\/author\/m-saia\/"},"digistream_id":0,"digistream":false,"_links":{"self":[{"href":"https:\/\/www.messinaoggi.it\/website\/wp-json\/wp\/v2\/posts\/17752"}],"collection":[{"href":"https:\/\/www.messinaoggi.it\/website\/wp-json\/wp\/v2\/posts"}],"about":[{"href":"https:\/\/www.messinaoggi.it\/website\/wp-json\/wp\/v2\/types\/post"}],"author":[{"embeddable":true,"href":"https:\/\/www.messinaoggi.it\/website\/wp-json\/wp\/v2\/users\/5"}],"replies":[{"embeddable":true,"href":"https:\/\/www.messinaoggi.it\/website\/wp-json\/wp\/v2\/comments?post=17752"}],"version-history":[{"count":0,"href":"https:\/\/www.messinaoggi.it\/website\/wp-json\/wp\/v2\/posts\/17752\/revisions"}],"wp:featuredmedia":[{"embeddable":true,"href":"https:\/\/www.messinaoggi.it\/website\/wp-json\/wp\/v2\/media\/17755"}],"wp:attachment":[{"href":"https:\/\/www.messinaoggi.it\/website\/wp-json\/wp\/v2\/media?parent=17752"}],"wp:term":[{"taxonomy":"category","embeddable":true,"href":"https:\/\/www.messinaoggi.it\/website\/wp-json\/wp\/v2\/categories?post=17752"},{"taxonomy":"post_tag","embeddable":true,"href":"https:\/\/www.messinaoggi.it\/website\/wp-json\/wp\/v2\/tags?post=17752"}],"curies":[{"name":"wp","href":"https:\/\/api.w.org\/{rel}","templated":true}]}}