{"id":17749,"date":"2018-04-03T17:45:41","date_gmt":"2018-04-03T15:45:41","guid":{"rendered":"http:\/\/www.messinaoggi.it\/website\/?p=17749"},"modified":"2018-04-03T17:45:41","modified_gmt":"2018-04-03T15:45:41","slug":"vandalismo-e-impianti-vecchi-abitanti-di-ritiro-non-vedono-luce","status":"publish","type":"post","link":"https:\/\/www.messinaoggi.it\/website\/2018\/04\/03\/vandalismo-e-impianti-vecchi-abitanti-di-ritiro-non-vedono-luce\/","title":{"rendered":"Vandalismo e impianti vecchi, abitanti di Ritiro &quot;non vedono luce&quot;"},"content":{"rendered":"<p style=\"text-align: justify\">Dovranno stare ancora alcuni mesi al buio gli abitanti di Ritiro, che da diverso tempo devono fare i conti con il malfunzionamento dell\u2019impianto di illuminazione pubblica. E dire che la zona di scala Ritiro, gi\u00e0 alcuni mesi fa \u00e8 stata interessata da alcuni lavori di rifacimento dell\u2019impianto elettrico, che per\u00f2 non hanno riguardato l\u2019intera area.<div id=\"div-gpt-ad-Messinaoggi.it-DSK-300x250-corpoart\" style=\"text-align:center;margin:0 auto;\"><\/div><\/p>\n<p style=\"text-align: justify\">Dal numero civico 882 in poi, al calar del sole il buio la fa da padrone, questo perch\u00e9 l\u2019impianto elettrico risale ai primi anni \u201970 e non \u00e8 pi\u00f9 possibile intervenire con le classiche manutenzioni, ma si deve provvedere con una sostituzione e l\u2019installazione di un impianto ex novo. Intervento che il dipartimento Lavori Pubblici di Palazzo Zanca ha gi\u00e0 messo in preventivo, ma prima che vengano sbrigate tutte le pratiche per l\u2019assegnazione dei lavori e l\u2019inizio degli stessi, se ne riparler\u00e0 il prossimo mese di settembre.<div id=\"videoincontent\" style=\"clear:both\";><\/div><\/p>\n<p style=\"text-align: justify\">Discorso diverso, invece, per quanto riguarda la zona adiacente alla rotonda di Ritiro. Qui cinque o sei pali dell\u2019illuminazione pubblica vengono costantemente danneggiati da ripetuti atti di vandalismo. Costantemente i manutentori comunali devono sostituire plafoniere fracassate, oppure devono alzare la leva del contatore abbassata da chi ha tutto l\u2019interesse affinch\u00e8 la zona resti al buio. E di fatti cos\u00ec \u00e8, da tempo i residenti denunciano la totale mancanza di illuminazione, una mano santa per chi agisce nell\u2019illegalit\u00e0.<\/p>\n","protected":false},"excerpt":{"rendered":"<p>Dovranno stare ancora alcuni mesi al buio gli abitanti di Ritiro, che da diverso tempo devono fare i conti con il malfunzionamento dell\u2019impianto di illuminazione pubblica. E dire che la zona di scala Ritiro, gi\u00e0 alcuni mesi fa \u00e8 stata interessata da alcuni lavori di rifacimento dell\u2019impianto elettrico, che per\u00f2 non hanno riguardato l\u2019intera area. [&hellip;]<\/p>\n","protected":false},"author":14,"featured_media":4253,"comment_status":"closed","ping_status":"open","sticky":false,"template":"","format":"standard","meta":{"ub_ctt_via":"","_mi_skip_tracking":false},"categories":[5],"tags":[],"featured_image_src":"https:\/\/www.messinaoggi.it\/website\/wp-content\/uploads\/2017\/07\/viale-giostra-pressi-mercato-messinaoggi-2.jpg","author_info":{"display_name":"Antonio Macauda","author_link":"https:\/\/www.messinaoggi.it\/website\/author\/a-macauda\/"},"digistream_id":0,"digistream":false,"_links":{"self":[{"href":"https:\/\/www.messinaoggi.it\/website\/wp-json\/wp\/v2\/posts\/17749"}],"collection":[{"href":"https:\/\/www.messinaoggi.it\/website\/wp-json\/wp\/v2\/posts"}],"about":[{"href":"https:\/\/www.messinaoggi.it\/website\/wp-json\/wp\/v2\/types\/post"}],"author":[{"embeddable":true,"href":"https:\/\/www.messinaoggi.it\/website\/wp-json\/wp\/v2\/users\/14"}],"replies":[{"embeddable":true,"href":"https:\/\/www.messinaoggi.it\/website\/wp-json\/wp\/v2\/comments?post=17749"}],"version-history":[{"count":0,"href":"https:\/\/www.messinaoggi.it\/website\/wp-json\/wp\/v2\/posts\/17749\/revisions"}],"wp:featuredmedia":[{"embeddable":true,"href":"https:\/\/www.messinaoggi.it\/website\/wp-json\/wp\/v2\/media\/4253"}],"wp:attachment":[{"href":"https:\/\/www.messinaoggi.it\/website\/wp-json\/wp\/v2\/media?parent=17749"}],"wp:term":[{"taxonomy":"category","embeddable":true,"href":"https:\/\/www.messinaoggi.it\/website\/wp-json\/wp\/v2\/categories?post=17749"},{"taxonomy":"post_tag","embeddable":true,"href":"https:\/\/www.messinaoggi.it\/website\/wp-json\/wp\/v2\/tags?post=17749"}],"curies":[{"name":"wp","href":"https:\/\/api.w.org\/{rel}","templated":true}]}}