{"id":177325,"date":"2023-11-20T08:47:58","date_gmt":"2023-11-20T07:47:58","guid":{"rendered":"http:\/\/www.messinaoggi.it\/website\/?p=177325"},"modified":"2023-11-20T08:47:59","modified_gmt":"2023-11-20T07:47:59","slug":"lavori-fiume-mela-e-scontro-tra-citta-metropolitana-e-genio-civile","status":"publish","type":"post","link":"https:\/\/www.messinaoggi.it\/website\/2023\/11\/20\/lavori-fiume-mela-e-scontro-tra-citta-metropolitana-e-genio-civile\/","title":{"rendered":"Lavori fiume Mela, \u00e8 scontro tra citt\u00e0 metropolitana e genio civile"},"content":{"rendered":"\n<p>\u201cSi comunica che la citt\u00e0 metropolitana non far\u00e0 mancare il presidio lungo la strada provinciale 75\/b in quanto di relativa competenza ma, allo stesso tempo, ribadisce che la bretella \u00e8 un&#8217;opera non sicura e che per questo si ribadisce la necessit\u00e0 di realizzazione di un ponte temporaneo modello Bailey, come gi\u00e0 previsto nel progetto iniziale da questo ente\u201d. \u00c8 quanto dichiarato dal sindaco metropolitano Federico Basile con riferimento ai lavori sul fiume Mela. Se da un lato l\u2019amministrazione metropolitana ha sempre spinto per la creazione di un ponte provvisorio durante la realizzazione dei lavori in questione, il genio civile di Messina, a cui \u00e8 stata affidata la direzione dei lavori per volere della Regione, annull\u00f2 la creazione di un tale ponte, affermando che i lavori si sarebbero potuti realizzare a viabilit\u00e0 aperta tramite l\u2019apposita realizzazione di una bretella dentro il torrente.<div id=\"div-gpt-ad-Messinaoggi.it-DSK-300x250-corpoart\" style=\"text-align:center;margin:0 auto;\"><\/div><\/p>\n\n\n\n<p>\u201cLa bretella \u00e8 poco sicura e lo sappiamo tutti, specialmente adesso che arriveranno piogge e mareggiate. \u2013 chiosa Basile \u2013 Quindi, c&#8217;\u00e8 chi cerca scuse per chiuderla accampando la necessit\u00e0 di presidi da parte della citt\u00e0 metropolitana. Quindi, se il genio civile di Messina conferma la volont\u00e0 di chiudere la bretella per mancanza di presidio lungo la strada provinciale si rappresenta che questo non \u00e8 assolutamente vero e che lo stesso presidio verr\u00e0 garantito, come sempre quando richiesto. Quello che non \u00e8 possibile affermare \u00e8 che la bretella sia di competenza della citt\u00e0 metropolitana di Messina che non l&#8217;ha progettata, non l&#8217;ha realizzata e che non l&#8217;aveva nemmeno prevista.<div id=\"videoincontent\" style=\"clear:both\";><\/div><\/p>\n\n\n\n<p>\u201cChi dice questo cerca di mischiare le carte su una questione seria e di sicurezza della viabilit\u00e0 cercando di confondere la popolazione che deve sopportare i disagi di un cantiere che, se fosse davvero di interesse per chi lo sta dirigendo, si realizzerebbe con turni di notte e viaggerebbe a tutta velocit\u00e0&#8221;.<\/p>\n","protected":false},"excerpt":{"rendered":"<p>\u201cSi comunica che la citt\u00e0 metropolitana non far\u00e0 mancare il presidio lungo la strada provinciale 75\/b in quanto di relativa competenza ma, allo stesso tempo, ribadisce che la bretella \u00e8 un&#8217;opera non sicura e che per questo si ribadisce la necessit\u00e0 di realizzazione di un ponte temporaneo modello Bailey, come gi\u00e0 previsto nel progetto iniziale [&hellip;]<\/p>\n","protected":false},"author":8,"featured_media":177326,"comment_status":"open","ping_status":"open","sticky":false,"template":"","format":"standard","meta":{"ub_ctt_via":"","_mi_skip_tracking":false},"categories":[13,14],"tags":[9103,603,9102,9104],"featured_image_src":"https:\/\/www.messinaoggi.it\/website\/wp-content\/uploads\/2023\/11\/FOTO2.jpg","author_info":{"display_name":"red..me","author_link":"https:\/\/www.messinaoggi.it\/website\/author\/redstage\/"},"digistream_id":0,"digistream":false,"_links":{"self":[{"href":"https:\/\/www.messinaoggi.it\/website\/wp-json\/wp\/v2\/posts\/177325"}],"collection":[{"href":"https:\/\/www.messinaoggi.it\/website\/wp-json\/wp\/v2\/posts"}],"about":[{"href":"https:\/\/www.messinaoggi.it\/website\/wp-json\/wp\/v2\/types\/post"}],"author":[{"embeddable":true,"href":"https:\/\/www.messinaoggi.it\/website\/wp-json\/wp\/v2\/users\/8"}],"replies":[{"embeddable":true,"href":"https:\/\/www.messinaoggi.it\/website\/wp-json\/wp\/v2\/comments?post=177325"}],"version-history":[{"count":1,"href":"https:\/\/www.messinaoggi.it\/website\/wp-json\/wp\/v2\/posts\/177325\/revisions"}],"predecessor-version":[{"id":177327,"href":"https:\/\/www.messinaoggi.it\/website\/wp-json\/wp\/v2\/posts\/177325\/revisions\/177327"}],"wp:featuredmedia":[{"embeddable":true,"href":"https:\/\/www.messinaoggi.it\/website\/wp-json\/wp\/v2\/media\/177326"}],"wp:attachment":[{"href":"https:\/\/www.messinaoggi.it\/website\/wp-json\/wp\/v2\/media?parent=177325"}],"wp:term":[{"taxonomy":"category","embeddable":true,"href":"https:\/\/www.messinaoggi.it\/website\/wp-json\/wp\/v2\/categories?post=177325"},{"taxonomy":"post_tag","embeddable":true,"href":"https:\/\/www.messinaoggi.it\/website\/wp-json\/wp\/v2\/tags?post=177325"}],"curies":[{"name":"wp","href":"https:\/\/api.w.org\/{rel}","templated":true}]}}