{"id":17723,"date":"2018-04-03T11:18:32","date_gmt":"2018-04-03T09:18:32","guid":{"rendered":"http:\/\/www.messinaoggi.it\/website\/?p=17723"},"modified":"2018-04-03T11:18:32","modified_gmt":"2018-04-03T09:18:32","slug":"serie-d-messina-allassalto-del-palazzolo-per-migliorare-la-sua-classifica","status":"publish","type":"post","link":"https:\/\/www.messinaoggi.it\/website\/2018\/04\/03\/serie-d-messina-allassalto-del-palazzolo-per-migliorare-la-sua-classifica\/","title":{"rendered":"Serie D: Messina all&#039;assalto del Palazzolo per migliorare la sua classifica"},"content":{"rendered":"<p>Dopo aver battuto l&#8217;Ercolanese sotto con il Palazzolo che sar\u00e0 di scena domani al &#8220;San Filippo&#8221; per il recupero del torneo di Serie D. Una gara che, se vinta, consentirebbe ai ragazzi allenati da Giacomo Modica di attestarsi in ottava posizione, staccando Sancaltaldese e Gelbison e riavvicinandosi a Gela ed Acireale, rispettivamente distanti uno e tre punti.<br \/>\nUn buon piazzamento seppur lontano dalla zona play off e quindi dalla possibilit\u00e0 di potersi giocare le carte per eventuali ripescaggi.<br \/>\nMa il Messina vuole chiudere bene la stagione e gettare le basi per il prossimo campionato, possibilmente da disputare con l&#8217;obiettivo dichiarato del ritorno tra i professionisti. Si vedr\u00e0, intanto bisogna pensare al presente.<br \/>\nLa squadra \u00e8 tornata ad allenarsi ieri pomeriggio ed oggi sosterr\u00e0 la rifinitura in vista della gara con il Palazzolo. Differenziato per il capitano Tot\u00f2 Cocuzza, che comunque potrebbe rientrare nella lista dei convocati.<div id=\"div-gpt-ad-Messinaoggi.it-DSK-300x250-corpoart\" style=\"text-align:center;margin:0 auto;\"><\/div><\/p>\n<div id=\"videoincontent\" style=\"clear:both\";><\/div>","protected":false},"excerpt":{"rendered":"<p>Dopo aver battuto l&#8217;Ercolanese sotto con il Palazzolo che sar\u00e0 di scena domani al &#8220;San Filippo&#8221; per il recupero del torneo di Serie D. Una gara che, se vinta, consentirebbe ai ragazzi allenati da Giacomo Modica di attestarsi in ottava posizione, staccando Sancaltaldese e Gelbison e riavvicinandosi a Gela ed Acireale, rispettivamente distanti uno e [&hellip;]<\/p>\n","protected":false},"author":2,"featured_media":15203,"comment_status":"closed","ping_status":"open","sticky":false,"template":"","format":"standard","meta":{"ub_ctt_via":"","_mi_skip_tracking":false},"categories":[10,9],"tags":[],"featured_image_src":"https:\/\/www.messinaoggi.it\/website\/wp-content\/uploads\/2018\/02\/messina-gelbison-RRP_2278-1.jpg","author_info":{"display_name":"Redazione","author_link":"https:\/\/www.messinaoggi.it\/website\/author\/redazione\/"},"digistream_id":0,"digistream":false,"_links":{"self":[{"href":"https:\/\/www.messinaoggi.it\/website\/wp-json\/wp\/v2\/posts\/17723"}],"collection":[{"href":"https:\/\/www.messinaoggi.it\/website\/wp-json\/wp\/v2\/posts"}],"about":[{"href":"https:\/\/www.messinaoggi.it\/website\/wp-json\/wp\/v2\/types\/post"}],"author":[{"embeddable":true,"href":"https:\/\/www.messinaoggi.it\/website\/wp-json\/wp\/v2\/users\/2"}],"replies":[{"embeddable":true,"href":"https:\/\/www.messinaoggi.it\/website\/wp-json\/wp\/v2\/comments?post=17723"}],"version-history":[{"count":0,"href":"https:\/\/www.messinaoggi.it\/website\/wp-json\/wp\/v2\/posts\/17723\/revisions"}],"wp:featuredmedia":[{"embeddable":true,"href":"https:\/\/www.messinaoggi.it\/website\/wp-json\/wp\/v2\/media\/15203"}],"wp:attachment":[{"href":"https:\/\/www.messinaoggi.it\/website\/wp-json\/wp\/v2\/media?parent=17723"}],"wp:term":[{"taxonomy":"category","embeddable":true,"href":"https:\/\/www.messinaoggi.it\/website\/wp-json\/wp\/v2\/categories?post=17723"},{"taxonomy":"post_tag","embeddable":true,"href":"https:\/\/www.messinaoggi.it\/website\/wp-json\/wp\/v2\/tags?post=17723"}],"curies":[{"name":"wp","href":"https:\/\/api.w.org\/{rel}","templated":true}]}}