{"id":17715,"date":"2018-04-03T09:25:57","date_gmt":"2018-04-03T07:25:57","guid":{"rendered":"http:\/\/www.messinaoggi.it\/website\/?p=17715"},"modified":"2018-04-03T09:25:57","modified_gmt":"2018-04-03T07:25:57","slug":"basket-maschile-a1-capo-dorlando-esonera-di-carlo","status":"publish","type":"post","link":"https:\/\/www.messinaoggi.it\/website\/2018\/04\/03\/basket-maschile-a1-capo-dorlando-esonera-di-carlo\/","title":{"rendered":"Basket maschile A1, Capo d&#039;Orlando esonera Di Carlo"},"content":{"rendered":"<p>Orlandina Basket\u00a0comunica di aver sollevato\u00a0Gennaro Di Carlo\u00a0dall&#8217;incarico di capo allenatore della prima squadra. A Gennaro va il ringraziamento della societ\u00e0 per la grande dedizione sempre dimostrata nei confronti del club (prima come assistente e poi come head coach) in quasi quattro anni di collaborazione, coronati da risultati importantissimi come le qualificazioni alla\u00a0Final Eight\u00a0di\u00a0Coppa Italia, ai\u00a0play off scudetto\u00a0e alla\u00a0Basketball Champions League.<br \/>\n&#8220;Saluto e ringrazio Gennaro per questi anni di grande lavoro con noi &#8211; ha detto il patron Enzo Sindoni -; per il rapporto umano che ha saputo creare e anche perch\u00e9 in pi\u00f9 di una circostanza in questa stagione mi ha dimostrato la disponibilit\u00e0 anche a farsi da parte, se lo avessimo ritenuto opportuno, per il bene del club e della squadra.<br \/>\nGennaro ha lavorato fino all&#8217;ultimo con la nostra piena fiducia,\u00a0<a class=\"matchTooltip\">oggi<\/a>\u00a0le strade si separano ma resta immutata la stima nei suoi confronti&#8221;.<br \/>\nL&#8217;Orlandina, lo ricordiamo, \u00e8 ultima in classifica a pari punti con Pesaro, ma pu\u00f2 contare su una migliore differenza canestri.<div id=\"div-gpt-ad-Messinaoggi.it-DSK-300x250-corpoart\" style=\"text-align:center;margin:0 auto;\"><\/div><\/p>\n<div><\/div>\n<div id=\"videoincontent\" style=\"clear:both\";><\/div>","protected":false},"excerpt":{"rendered":"<p>Orlandina Basket\u00a0comunica di aver sollevato\u00a0Gennaro Di Carlo\u00a0dall&#8217;incarico di capo allenatore della prima squadra. A Gennaro va il ringraziamento della societ\u00e0 per la grande dedizione sempre dimostrata nei confronti del club (prima come assistente e poi come head coach) in quasi quattro anni di collaborazione, coronati da risultati importantissimi come le qualificazioni alla\u00a0Final Eight\u00a0di\u00a0Coppa Italia, ai\u00a0play [&hellip;]<\/p>\n","protected":false},"author":2,"featured_media":12722,"comment_status":"closed","ping_status":"open","sticky":false,"template":"","format":"standard","meta":{"ub_ctt_via":"","_mi_skip_tracking":false},"categories":[8,9],"tags":[],"featured_image_src":"https:\/\/www.messinaoggi.it\/website\/wp-content\/uploads\/2017\/12\/di-carlo-betaland-capo-dorlando.jpg","author_info":{"display_name":"Redazione","author_link":"https:\/\/www.messinaoggi.it\/website\/author\/redazione\/"},"digistream_id":0,"digistream":false,"_links":{"self":[{"href":"https:\/\/www.messinaoggi.it\/website\/wp-json\/wp\/v2\/posts\/17715"}],"collection":[{"href":"https:\/\/www.messinaoggi.it\/website\/wp-json\/wp\/v2\/posts"}],"about":[{"href":"https:\/\/www.messinaoggi.it\/website\/wp-json\/wp\/v2\/types\/post"}],"author":[{"embeddable":true,"href":"https:\/\/www.messinaoggi.it\/website\/wp-json\/wp\/v2\/users\/2"}],"replies":[{"embeddable":true,"href":"https:\/\/www.messinaoggi.it\/website\/wp-json\/wp\/v2\/comments?post=17715"}],"version-history":[{"count":0,"href":"https:\/\/www.messinaoggi.it\/website\/wp-json\/wp\/v2\/posts\/17715\/revisions"}],"wp:featuredmedia":[{"embeddable":true,"href":"https:\/\/www.messinaoggi.it\/website\/wp-json\/wp\/v2\/media\/12722"}],"wp:attachment":[{"href":"https:\/\/www.messinaoggi.it\/website\/wp-json\/wp\/v2\/media?parent=17715"}],"wp:term":[{"taxonomy":"category","embeddable":true,"href":"https:\/\/www.messinaoggi.it\/website\/wp-json\/wp\/v2\/categories?post=17715"},{"taxonomy":"post_tag","embeddable":true,"href":"https:\/\/www.messinaoggi.it\/website\/wp-json\/wp\/v2\/tags?post=17715"}],"curies":[{"name":"wp","href":"https:\/\/api.w.org\/{rel}","templated":true}]}}