{"id":17712,"date":"2018-04-03T08:44:44","date_gmt":"2018-04-03T06:44:44","guid":{"rendered":"http:\/\/www.messinaoggi.it\/website\/?p=17712"},"modified":"2018-04-03T08:44:44","modified_gmt":"2018-04-03T06:44:44","slug":"tari-e-veleni-signorino-il-sindaco-ha-avuto-un-malore-niente-speculazioni","status":"publish","type":"post","link":"https:\/\/www.messinaoggi.it\/website\/2018\/04\/03\/tari-e-veleni-signorino-il-sindaco-ha-avuto-un-malore-niente-speculazioni\/","title":{"rendered":"Tari e veleni, Signorino: &quot;Il sindaco ha avuto un malore, niente speculazioni&quot;"},"content":{"rendered":"<p style=\"text-align: justify;\">Ancora veleni sulla mancata approvazione delle tariffe Tari per il 2018 da parte del Consiglio Comunale. L\u2019amministrazione ha puntualizzato come il mantenimento delle tariffe 2017 non porteranno alcuno scompenso finanziario, ma adesso arriva anche la risposta piccata dell\u2019assessore Guido Signorino, l\u2019esponente della Giunta, circa l\u2019assenza decisiva del sindaco in Accorinti in aula impegnato in un comizio elettorale, \u00a0precisa: \u201c<em>Il Sindaco \u00e8 stato colto da malore (brusco calo di pressione e perdita di equilibrio) dopo l\u2019incontro coi cittadini che si era tenuto dalle 18,30 nella piazza di Ganzirri quando, con l\u2019autista, stava rientrando a Messina per raggiungere il Consiglio; le speculazioni sulla sua assenza sono respinte al mittente. L\u2019assessore Ialacqua, che alcune fonti hanno dato per assente, era presente in aula, dove \u00e8 intervenuto sulla delibera e sul famigerato emendamento (informarsi, prima di informare). Con l\u2019assessore Ialacqua erano presenti il dirigente ai Tributi e il dirigente all\u2019Ambiente e Sanit\u00e0. La proposta era munita di tutti i pareri tecnici adeguati e sufficienti. L\u2019emendamento ripeteva un ritornello vecchio di quattro anni: ogni anno alcuni consiglieri chiedono di stornare dalla delibera il \u201cPiano Economico e Finanziario\u201d (PEF) del servizio, e ogni anno i dirigenti chiariscono la necessit\u00e0 di deliberare anche su questo aspetto, che ne costituisce la base economica e che va necessariamente allegato alla delibera. Tutte le precedenti delibere TARI contengono il PEF in allegato e non sono state n\u00e9 impugnate n\u00e9 annullate. Il dirigente ai tributi \u00e8 per decreto del Sindaco sostituto del Ragioniere Generale (aspetto chiarito dal Vicesegretario all\u2019aula). I dirigenti presenti potevano dunque esprimere ogni eventuale e necessario parere contabile, tecnico e giuridico. Il parere del Collegio dei Revisori sull\u2019emendamento non era dovuto: il precedente parere chiariva gi\u00e0 che il Consiglio Comunale \u00e8 competente per il PEF. Inoltre l\u2019emendamento non modificava in alcun modo i contenuti contabili della proposta; qualora lo avesse fatto, i pareri dei dirigenti presenti sarebbero stati completamente sufficienti. \u00a0Emendamento e delibera, dunque, potevano essere votati senza necessit\u00e0 di alcun ulteriore parere dei Revisori\u201d.<\/em><div id=\"div-gpt-ad-Messinaoggi.it-DSK-300x250-corpoart\" style=\"text-align:center;margin:0 auto;\"><\/div><\/p>\n<p style=\"text-align: justify;\">Signorino rincara la dose: <em>\u201cSi comprende il disappunto e il disagio dei Consiglieri per un atto importante che, ancora una volta, arrivava appena in tempo per essere votato. Si d\u00e0 atto della responsabile presenza di 21 consiglieri che hanno garantito il numero legale. Non pu\u00f2 non dirsi, per\u00f2, che la procedura era legittima e che il Consiglio aveva ogni possibilit\u00e0 di votare la delibera, anche con emendamenti. Non si ritiene corretto speculare sulla salute del Sindaco, n\u00e9 scrivere cose infondate senza sottoporle a prudente e doverosa verifica. Si ritiene corretto e doveroso dar conto delle condizioni effettive e di diritto entro cui si svolgevano i lavori del Consiglio\u201d.<\/em><div id=\"videoincontent\" style=\"clear:both\";><\/div><\/p>\n<p> <br \/>\n <\/p>\n","protected":false},"excerpt":{"rendered":"<p>Ancora veleni sulla mancata approvazione delle tariffe Tari per il 2018 da parte del Consiglio Comunale. L\u2019amministrazione ha puntualizzato come il mantenimento delle tariffe 2017 non porteranno alcuno scompenso finanziario, ma adesso arriva anche la risposta piccata dell\u2019assessore Guido Signorino, l\u2019esponente della Giunta, circa l\u2019assenza decisiva del sindaco in Accorinti in aula impegnato in un [&hellip;]<\/p>\n","protected":false},"author":2,"featured_media":9351,"comment_status":"closed","ping_status":"open","sticky":false,"template":"","format":"standard","meta":{"ub_ctt_via":"","_mi_skip_tracking":false},"categories":[6],"tags":[],"featured_image_src":"https:\/\/www.messinaoggi.it\/website\/wp-content\/uploads\/2017\/10\/comm-bilancio-signorinoRRP_9924.jpg","author_info":{"display_name":"Redazione","author_link":"https:\/\/www.messinaoggi.it\/website\/author\/redazione\/"},"digistream_id":0,"digistream":false,"_links":{"self":[{"href":"https:\/\/www.messinaoggi.it\/website\/wp-json\/wp\/v2\/posts\/17712"}],"collection":[{"href":"https:\/\/www.messinaoggi.it\/website\/wp-json\/wp\/v2\/posts"}],"about":[{"href":"https:\/\/www.messinaoggi.it\/website\/wp-json\/wp\/v2\/types\/post"}],"author":[{"embeddable":true,"href":"https:\/\/www.messinaoggi.it\/website\/wp-json\/wp\/v2\/users\/2"}],"replies":[{"embeddable":true,"href":"https:\/\/www.messinaoggi.it\/website\/wp-json\/wp\/v2\/comments?post=17712"}],"version-history":[{"count":0,"href":"https:\/\/www.messinaoggi.it\/website\/wp-json\/wp\/v2\/posts\/17712\/revisions"}],"wp:featuredmedia":[{"embeddable":true,"href":"https:\/\/www.messinaoggi.it\/website\/wp-json\/wp\/v2\/media\/9351"}],"wp:attachment":[{"href":"https:\/\/www.messinaoggi.it\/website\/wp-json\/wp\/v2\/media?parent=17712"}],"wp:term":[{"taxonomy":"category","embeddable":true,"href":"https:\/\/www.messinaoggi.it\/website\/wp-json\/wp\/v2\/categories?post=17712"},{"taxonomy":"post_tag","embeddable":true,"href":"https:\/\/www.messinaoggi.it\/website\/wp-json\/wp\/v2\/tags?post=17712"}],"curies":[{"name":"wp","href":"https:\/\/api.w.org\/{rel}","templated":true}]}}