{"id":17707,"date":"2018-04-02T07:26:13","date_gmt":"2018-04-02T05:26:13","guid":{"rendered":"http:\/\/www.messinaoggi.it\/website\/?p=17707"},"modified":"2018-04-02T07:26:13","modified_gmt":"2018-04-02T05:26:13","slug":"caso-tari-lamministrazione-spiega-le-tariffe-del-2017-non-porteranno-problemi","status":"publish","type":"post","link":"https:\/\/www.messinaoggi.it\/website\/2018\/04\/02\/caso-tari-lamministrazione-spiega-le-tariffe-del-2017-non-porteranno-problemi\/","title":{"rendered":"Caso Tari, L&#039;amministrazione spiega: &quot;Le tariffe del 2017 non porteranno problemi&quot;"},"content":{"rendered":"<p style=\"text-align: justify;\">La Pasqua della politica messinese \u00e8 stata caratterizzata dall\u2019ultima polemica che si \u00e8 scatenata sull\u2019asse amministrazione-Consiglio. Oggetto del contendere la delibera sulle nuove tariffe Tari, che non \u00e8 stata votata nonostante la convocazione della seduta straordinaria nella serata di sabato, ultimo termine utile per l\u2019approvazione dell\u2019atto. L\u2019assenza del sindaco Accorinti, del segretario generale e del collegio dei revisori conti ha fatto si che non si potesse giungere all\u2019approvazione dell\u2019atto.<div id=\"div-gpt-ad-Messinaoggi.it-DSK-300x250-corpoart\" style=\"text-align:center;margin:0 auto;\"><\/div><\/p>\n<p style=\"text-align: justify;\">L\u2019amministrazione per\u00f2 precisa: <em>\u201cIn merito alla mancata approvazione della delibera sulle tariffe TARI, non vogliamo alimentare polemiche n\u00e9 agitare pretesti. \u00c8 appena il caso di evidenziare che la messa in attivit\u00e0 della nuova societ\u00e0 avvenuta soltanto il 1 Marzo scorso ha compresso i tempi di realizzazione degli atti propedeutici (il Piano Economico e Finanziario) e ha condotto a uno spiacevole e non voluto ritardo nella presentazione del conseguente piano tariffario della TARI anche se comunque entro la scadenza di legge.La delibera era comunque stata predisposta e, in zona Cesarini, il Consiglio aveva responsabilmente garantito la presenza del numero legale, potendo pervenire alla deliberazione \u2013 si legge in una nota &#8211; \u00a0L\u2019amministrazione era presente in Consiglio con l\u2019Assessore Ialacqua, pienamente competente e perfettamente in grado di esporre gli atti e di dialogare col Consiglio su tutti gli aspetti politici della vicenda. La presenza dei dirigenti ai tributi e all\u2019ambiente e sanit\u00e0 consentiva anche di trattare la materia sotto il profilo tecnico. Purtroppo si \u00e8 aggiunta anche l\u2019assenza dell\u2019organo consulenziale del Consiglio (il Collegio dei Revisori) che non consentiva di definire il relativo parere sull\u2019emendamento proposto dal PD. L\u2019emendamento, comunque, sollevava una questione circa la competenza sul Piano economico e finanziario che gi\u00e0 negli anni scorsi era stata ripetutamente chiarita e alla quale anche durante la seduta il dirigente ai tributi aveva espresso precisa risposta tecnica\u201d.<\/em><div id=\"videoincontent\" style=\"clear:both\";><\/div><\/p>\n<p style=\"text-align: justify;\">La permanenza del piano tariffario del 2017 non porter\u00e0 alcuno scompenso: \u201c<em>La permanenza in vigore del piano tariffario precedente non crea alcun problema per la gestione del servizio. Il nuovo piano tariffario avrebbe certo consentito una riduzione della tariffa (circa 10 euro per utenza) e si tratta dell\u2019avvio di una inversione di tendenza sulla pressione di questo tributo. Questa riduzione sar\u00e0 comunque fruita dai messinesi se il Consiglio approver\u00e0 la delibera, anche oltre il termine, dato che la Giunta predisporr\u00e0 apposito atto di indirizzo in tal senso agli Uffici. Qualora invece non intervenisse l\u2019approvazione della tariffa ridotta, da parte del Consiglio, questo importo sar\u00e0 comunque recuperato dai nostri concittadini con ampio margine nella prossima annualit\u00e0, quando l\u2019entrata a regime dalla nuova gestione della MessinaServizi Bene Comune consentir\u00e0 di realizzare ulteriori e pi\u00f9 importanti economie, con l\u2019avvio a pieno utilizzo dell\u2019impianto di Pace per la separazione della frazione secca e l\u2019ulteriore diffusione del \u201cporta a porta\u201d fino a circa 100.000 cittadini\u201d.<\/em><\/p>\n<p style=\"text-align: justify;\">\n<p style=\"text-align: justify;\">\n<p style=\"text-align: justify;\">\n<p style=\"text-align: justify;\">\n<p style=\"text-align: justify;\">\n<p style=\"text-align: justify;\">\n","protected":false},"excerpt":{"rendered":"<p>La Pasqua della politica messinese \u00e8 stata caratterizzata dall\u2019ultima polemica che si \u00e8 scatenata sull\u2019asse amministrazione-Consiglio. Oggetto del contendere la delibera sulle nuove tariffe Tari, che non \u00e8 stata votata nonostante la convocazione della seduta straordinaria nella serata di sabato, ultimo termine utile per l\u2019approvazione dell\u2019atto. L\u2019assenza del sindaco Accorinti, del segretario generale e del [&hellip;]<\/p>\n","protected":false},"author":2,"featured_media":16295,"comment_status":"closed","ping_status":"open","sticky":false,"template":"","format":"standard","meta":{"ub_ctt_via":"","_mi_skip_tracking":false},"categories":[6],"tags":[],"featured_image_src":"https:\/\/www.messinaoggi.it\/website\/wp-content\/uploads\/2018\/03\/conf-stampa-giunta-accorinti-RRP_5080-1.jpg","author_info":{"display_name":"Redazione","author_link":"https:\/\/www.messinaoggi.it\/website\/author\/redazione\/"},"digistream_id":0,"digistream":false,"_links":{"self":[{"href":"https:\/\/www.messinaoggi.it\/website\/wp-json\/wp\/v2\/posts\/17707"}],"collection":[{"href":"https:\/\/www.messinaoggi.it\/website\/wp-json\/wp\/v2\/posts"}],"about":[{"href":"https:\/\/www.messinaoggi.it\/website\/wp-json\/wp\/v2\/types\/post"}],"author":[{"embeddable":true,"href":"https:\/\/www.messinaoggi.it\/website\/wp-json\/wp\/v2\/users\/2"}],"replies":[{"embeddable":true,"href":"https:\/\/www.messinaoggi.it\/website\/wp-json\/wp\/v2\/comments?post=17707"}],"version-history":[{"count":0,"href":"https:\/\/www.messinaoggi.it\/website\/wp-json\/wp\/v2\/posts\/17707\/revisions"}],"wp:featuredmedia":[{"embeddable":true,"href":"https:\/\/www.messinaoggi.it\/website\/wp-json\/wp\/v2\/media\/16295"}],"wp:attachment":[{"href":"https:\/\/www.messinaoggi.it\/website\/wp-json\/wp\/v2\/media?parent=17707"}],"wp:term":[{"taxonomy":"category","embeddable":true,"href":"https:\/\/www.messinaoggi.it\/website\/wp-json\/wp\/v2\/categories?post=17707"},{"taxonomy":"post_tag","embeddable":true,"href":"https:\/\/www.messinaoggi.it\/website\/wp-json\/wp\/v2\/tags?post=17707"}],"curies":[{"name":"wp","href":"https:\/\/api.w.org\/{rel}","templated":true}]}}