{"id":17703,"date":"2018-04-01T00:29:30","date_gmt":"2018-03-31T22:29:30","guid":{"rendered":"http:\/\/www.messinaoggi.it\/website\/?p=17703"},"modified":"2018-04-01T00:29:30","modified_gmt":"2018-03-31T22:29:30","slug":"bramanti-dovra-uscire-allo-scoperto-di-fragale","status":"publish","type":"post","link":"https:\/\/www.messinaoggi.it\/website\/2018\/04\/01\/bramanti-dovra-uscire-allo-scoperto-di-fragale\/","title":{"rendered":"Bramanti dovr\u00e0 uscire allo scoperto. Di Fragale"},"content":{"rendered":"<p class=\"p1\" style=\"text-align: justify;\"><span class=\"s1\">Il prof. Bramanti ha presentato la propria candidatura a sindaco di Messina.\u00a0<\/span><span class=\"s1\">Non era da solo.\u00a0<\/span><span class=\"s1\">Aveva alle spalle la propria solida storia. Accanto la diffusa speranza in una ottima futura amministrazione comunale. Di fronte il valore condiviso di una citt\u00e0 che &#8211; volendo rinascere &#8211; sa scommettere sui giovani e in cui i giovani sanno osare.<\/span><div id=\"div-gpt-ad-Messinaoggi.it-DSK-300x250-corpoart\" style=\"text-align:center;margin:0 auto;\"><\/div><\/p>\n<p class=\"p1\" style=\"text-align: justify;\"><span class=\"s1\">Perch\u00e9, per questa prima uscita, avrebbe dovuto farsi una foto ricordo con leader, esponenti politici, deputati nazionali o regionali?<\/span><div id=\"videoincontent\" style=\"clear:both\";><\/div><\/p>\n<p class=\"p1\" style=\"text-align: justify;\"><span class=\"s1\">Giusto cos\u00ec! Giusto presentarsi da cittadino. Giusto parlare ai cittadini. Giusto il tratto di una candidatura &#8211; a prescindere &#8211; connotata da civicit\u00e0.<\/span><\/p>\n<p class=\"p1\" style=\"text-align: justify;\"><span class=\"s1\">Residuano, tuttavia, altri due interrogativi.<\/span><\/p>\n<p class=\"p1\" style=\"text-align: justify;\"><span class=\"s1\">1) Perch\u00e9 affannarsi a ripetere che la disponibilit\u00e0 alla candidatura gli \u00e8 stata richiesta &#8211; sia pure su piano istituzionale &#8211; dal Presidente della Regione Musumeci?<\/span><\/p>\n<p class=\"p1\" style=\"text-align: justify;\"><span class=\"s1\">E\u2019 un bene che l\u2019Ente locale sappia dialogare con Palermo e con Roma. I governi amici sono, tuttavia, una favoletta. Per converso, tutti quelli che nel tempo avevano consentito agli ex governatori Cuffaro, Lombardo, Crocetta di considerare Messina feudo, sono sommessamente spariti dalla scena e dall\u2019agone.<\/span><\/p>\n<p class=\"p1\" style=\"text-align: justify;\"><span class=\"s1\">2) Perch\u00e9 inseguire la curiosit\u00e0 mediatica sull\u2019eventuale apertura di Beppe Picciolo o sulla ipotesi di intesa con la attuale Presidente del Consiglio Comunale Emilia Barrile?<\/span><\/p>\n<p class=\"p1\" style=\"text-align: justify;\"><span class=\"s1\">Potrebbe restare in compagnia elettorale del solo Picciolo o della sola Barrile? No. E allora?<\/span><\/p>\n<p class=\"p1\" style=\"text-align: justify;\"><span class=\"s1\">Che sia chiaro.\u00a0<\/span><span class=\"s1\">Il prof. Bramanti sar\u00e0 votato sul programma.\u00a0<\/span><span class=\"s1\">Il prof. Bramanti non sar\u00e0 votato se il programma \u00e8 un paravento per nascondere chi lo sostiene ma neppure se \u00e8 un soliloquio.\u00a0<\/span><span class=\"s1\">Il prof. Bramanti dovr\u00e0 uscire allo scoperto.\u00a0<\/span><span class=\"s1\">Se ha pudore tattico dell\u2019appoggio di qualche area, partito o corrente lo dica da subito.<\/span><\/p>\n<p class=\"p1\" style=\"text-align: justify;\"><span class=\"s1\">Giusto perch\u00e9 si comprenda chi contribuir\u00e0 inclusivamente a scrivere questo programma e chi sar\u00e0 garbatamente trattato da piccolo-medio-grande galoppino come candidato o come responsabile del casting dei candidati.<\/span><\/p>\n<p class=\"p1\" style=\"text-align: justify;\"><span class=\"s1\">La libert\u00e0 sta nella chiarezza.\u00a0<\/span><span class=\"s1\">Per questa chiarezza sono sempre stato libero.<\/span><\/p>\n<p class=\"p1\" style=\"text-align: justify;\"><span class=\"s1\">Con chiarezza&#8230; occorre vincere al primo turno. Ammiccamenti a Pietro Navarra o lusinghe a Renato Accorinti non servono. Se si vince al primo turno il prof. Bramanti, con la sua realt\u00e0 e con il suo sogno, sar\u00e0 \u00a0il sindaco di tutti. Punto.<\/span><\/p>\n<p class=\"p1\" style=\"text-align: right;\"><strong><span class=\"s1\">Emilio Fragale<\/span><\/strong><\/p>\n","protected":false},"excerpt":{"rendered":"<p>Il prof. Bramanti ha presentato la propria candidatura a sindaco di Messina.\u00a0Non era da solo.\u00a0Aveva alle spalle la propria solida storia. Accanto la diffusa speranza in una ottima futura amministrazione comunale. Di fronte il valore condiviso di una citt\u00e0 che &#8211; volendo rinascere &#8211; sa scommettere sui giovani e in cui i giovani sanno osare. [&hellip;]<\/p>\n","protected":false},"author":2,"featured_media":17690,"comment_status":"closed","ping_status":"open","sticky":false,"template":"","format":"standard","meta":{"ub_ctt_via":"","_mi_skip_tracking":false},"categories":[6],"tags":[],"featured_image_src":"https:\/\/www.messinaoggi.it\/website\/wp-content\/uploads\/2018\/03\/candidatura-bramanti_8224-1.jpg","author_info":{"display_name":"Redazione","author_link":"https:\/\/www.messinaoggi.it\/website\/author\/redazione\/"},"digistream_id":0,"digistream":false,"_links":{"self":[{"href":"https:\/\/www.messinaoggi.it\/website\/wp-json\/wp\/v2\/posts\/17703"}],"collection":[{"href":"https:\/\/www.messinaoggi.it\/website\/wp-json\/wp\/v2\/posts"}],"about":[{"href":"https:\/\/www.messinaoggi.it\/website\/wp-json\/wp\/v2\/types\/post"}],"author":[{"embeddable":true,"href":"https:\/\/www.messinaoggi.it\/website\/wp-json\/wp\/v2\/users\/2"}],"replies":[{"embeddable":true,"href":"https:\/\/www.messinaoggi.it\/website\/wp-json\/wp\/v2\/comments?post=17703"}],"version-history":[{"count":0,"href":"https:\/\/www.messinaoggi.it\/website\/wp-json\/wp\/v2\/posts\/17703\/revisions"}],"wp:featuredmedia":[{"embeddable":true,"href":"https:\/\/www.messinaoggi.it\/website\/wp-json\/wp\/v2\/media\/17690"}],"wp:attachment":[{"href":"https:\/\/www.messinaoggi.it\/website\/wp-json\/wp\/v2\/media?parent=17703"}],"wp:term":[{"taxonomy":"category","embeddable":true,"href":"https:\/\/www.messinaoggi.it\/website\/wp-json\/wp\/v2\/categories?post=17703"},{"taxonomy":"post_tag","embeddable":true,"href":"https:\/\/www.messinaoggi.it\/website\/wp-json\/wp\/v2\/tags?post=17703"}],"curies":[{"name":"wp","href":"https:\/\/api.w.org\/{rel}","templated":true}]}}