{"id":17694,"date":"2018-04-02T06:34:11","date_gmt":"2018-04-02T04:34:11","guid":{"rendered":"http:\/\/www.messinaoggi.it\/website\/?p=17694"},"modified":"2018-04-02T06:34:11","modified_gmt":"2018-04-02T04:34:11","slug":"commercio-sedici-giovani-messinesi-in-missione-ad-atene","status":"publish","type":"post","link":"https:\/\/www.messinaoggi.it\/website\/2018\/04\/02\/commercio-sedici-giovani-messinesi-in-missione-ad-atene\/","title":{"rendered":"Commercio: sedici giovani messinesi in missione ad Atene"},"content":{"rendered":"<p>Al via ad Atene, presso la sede della Camera di Commercio Italiana in Grecia, le attivit\u00e0 di blended (partecipazione collaborativa) previste nell&#8217;ambito del progetto Erasmus+ KA2 ItsTIME finanziato dall\u2019Agenzia Nazionale Giovani all\u2019Associazione BIOS in partnership con le Camere di Commercio Italiane in otto paesi dell\u2019Unione Europea, il Centro Orientamento e Placement dell\u2019Universit\u00e0 degli Studi di Messina e l\u2019Ong francese Langues&amp;Compagnie.<br \/>\nDurante questa fase progettuale, una delegazione composta da 16 giovani messinesi, per dieci giorni, avr\u00e0 la possibilit\u00e0 non soltanto di apprendere come operano le Camere di Commercio italiane all&#8217;estero, ma anche di studiare le migliori case history del paese ospitante nel ramo dell\u2019innovazione e dell&#8217;imprenditoria sociale.<br \/>\nDopo la conclusione delle attivit\u00e0 previste presso la Camera di Commercio Italiana in Grecia, il prossimo mese le attivit\u00e0 di blended verranno ospitate all&#8217;interno delle CCIE di Bucarest, Sofia, Francoforte, Belgrado e Bratislava. I giovani partecipanti avranno la possibilit\u00e0 di svolgere attivit\u00e0 di job-shadowing (lavoreranno, cio\u00e8, fianco a fianco alle CCIE nello svolgimento dei loro compiti al fine di acquisire maggiori e pi\u00f9 specifiche competenze e know-how) e study visits in piccole e medie imprese con sede negli stati ospitanti.<br \/>\nI dati, le informazioni e le buoni prassi acquisite durante le visite serviranno implementare quello che sar\u00e0 il risultato finale del progetto \u201cItsTIME\u201d ovvero una piattaforma innovativa dedicata alla validazione delle competenze professionali e all\u2019occupazione che offrir\u00e0 a singoli individui, gruppi e aziende la possibilit\u00e0 di ricercare personale o trovare lavoro attraverso un processo di matching fra domanda e offerta e attraverso la puntuale declinazione delle competenze richieste dalle imprese ed offerte dai candidati, consentendo, indipendentemente dal profilo professionale, una piena rispondenza tra le qualifiche possedute e quelle ricercate dal mercato del lavoro.<div id=\"div-gpt-ad-Messinaoggi.it-DSK-300x250-corpoart\" style=\"text-align:center;margin:0 auto;\"><\/div><\/p>\n<div id=\"videoincontent\" style=\"clear:both\";><\/div>","protected":false},"excerpt":{"rendered":"<p>Al via ad Atene, presso la sede della Camera di Commercio Italiana in Grecia, le attivit\u00e0 di blended (partecipazione collaborativa) previste nell&#8217;ambito del progetto Erasmus+ KA2 ItsTIME finanziato dall\u2019Agenzia Nazionale Giovani all\u2019Associazione BIOS in partnership con le Camere di Commercio Italiane in otto paesi dell\u2019Unione Europea, il Centro Orientamento e Placement dell\u2019Universit\u00e0 degli Studi di [&hellip;]<\/p>\n","protected":false},"author":2,"featured_media":17695,"comment_status":"closed","ping_status":"open","sticky":false,"template":"","format":"standard","meta":{"ub_ctt_via":"","_mi_skip_tracking":false},"categories":[6],"tags":[],"featured_image_src":"https:\/\/www.messinaoggi.it\/website\/wp-content\/uploads\/2018\/03\/Arianna-Crea-e-Francesco-Barbera-delegati-ItsTIME-assieme-a-Tassos-Papadopulos-responsabile-Marketing-e-Servizi-della-\u0394eh-Ae-Pubblic-Power-Corporation-S.a.-1-1.jpg","author_info":{"display_name":"Redazione","author_link":"https:\/\/www.messinaoggi.it\/website\/author\/redazione\/"},"digistream_id":0,"digistream":false,"_links":{"self":[{"href":"https:\/\/www.messinaoggi.it\/website\/wp-json\/wp\/v2\/posts\/17694"}],"collection":[{"href":"https:\/\/www.messinaoggi.it\/website\/wp-json\/wp\/v2\/posts"}],"about":[{"href":"https:\/\/www.messinaoggi.it\/website\/wp-json\/wp\/v2\/types\/post"}],"author":[{"embeddable":true,"href":"https:\/\/www.messinaoggi.it\/website\/wp-json\/wp\/v2\/users\/2"}],"replies":[{"embeddable":true,"href":"https:\/\/www.messinaoggi.it\/website\/wp-json\/wp\/v2\/comments?post=17694"}],"version-history":[{"count":0,"href":"https:\/\/www.messinaoggi.it\/website\/wp-json\/wp\/v2\/posts\/17694\/revisions"}],"wp:featuredmedia":[{"embeddable":true,"href":"https:\/\/www.messinaoggi.it\/website\/wp-json\/wp\/v2\/media\/17695"}],"wp:attachment":[{"href":"https:\/\/www.messinaoggi.it\/website\/wp-json\/wp\/v2\/media?parent=17694"}],"wp:term":[{"taxonomy":"category","embeddable":true,"href":"https:\/\/www.messinaoggi.it\/website\/wp-json\/wp\/v2\/categories?post=17694"},{"taxonomy":"post_tag","embeddable":true,"href":"https:\/\/www.messinaoggi.it\/website\/wp-json\/wp\/v2\/tags?post=17694"}],"curies":[{"name":"wp","href":"https:\/\/api.w.org\/{rel}","templated":true}]}}