{"id":17684,"date":"2018-03-31T14:04:32","date_gmt":"2018-03-31T12:04:32","guid":{"rendered":"http:\/\/www.messinaoggi.it\/website\/?p=17684"},"modified":"2018-03-31T14:04:32","modified_gmt":"2018-03-31T12:04:32","slug":"bramanti-lancia-il-modello-messina-parola-a-giovani-e-progetti-e-niente-cencelli","status":"publish","type":"post","link":"https:\/\/www.messinaoggi.it\/website\/2018\/03\/31\/bramanti-lancia-il-modello-messina-parola-a-giovani-e-progetti-e-niente-cencelli\/","title":{"rendered":"Bramanti lancia il modello Messina: &quot;Parola a giovani e progetti e niente Cencelli&quot;"},"content":{"rendered":"<p style=\"text-align: justify;\">Nessun deputato regionale o onorevole al seguito, nessun simbolo di partito attorno, solo quello con la scritta \u201cBramanti Sindaco\u201d. L\u2019ormai ex direttore scientifico dell\u2019Irccs Centro Neurolesi inizia la propria campagna elettorale oggi, dal palco del Foyer del Teatro Vittorio Emanuele, un\u2019avventura che durer\u00e0 poco pi\u00f9 di due mesi e che ha come obiettivo quello di entrare a Palazzo Zanca con \u00a0la fascia tricolore. Dino Bramanti non parla di politica ma alla politica, a quella politica che gli ha chiesto di scendere in campo in prima persona a sostegno di quel \u201cprogetto Messina\u201d che ha come obiettivo principale quello di mettere al centro le idee per lo sviluppo e il merito, dando un calcio al manuale Cencelli.<div id=\"div-gpt-ad-Messinaoggi.it-DSK-300x250-corpoart\" style=\"text-align:center;margin:0 auto;\"><\/div><\/p>\n<p style=\"text-align: justify;\">Una richiesta arrivata direttamente da Palermo: <em>&#8220;Mi ha chiamato personalmente il presidente Musumeci, mi ha chiesto di mettermi in gioco e di mettere in campo per la mia citt\u00e0 i miei valori. Io sono nato e cresciuto a Messina e per lei ho accettato. Abbiamo interloquito pi\u00f9 di una volta, una cosa \u00e8 certa la Citt\u00e0 di Messina non andr\u00e0 col piattino dell\u2019elemosina da nessuna parte, qua ci sono fior di imprenditori e professionisti che sono pronti a mettersi in gioco&#8221;<\/em>.<div id=\"videoincontent\" style=\"clear:both\";><\/div><\/p>\n<p style=\"text-align: justify;\">Bramanti propone il modello Messina: <em>\u201cLa primo posto ci sono i progetti \u2013 ha dichiarato \u2013 ricordo che con il Centro Neurolesi uno delle prime azioni che ho fatto \u00e8 stata quella di intercettare alcuni fondi europei, quando le chiacchiere da \u201cbuddaci\u201d lasciano spazio alle azioni avviene che se si vuole si pu\u00f2 arrivare fino ad Amsterdam ed \u00e8 esattamente questo il modello che noi vogliamo proporre. Questa \u00e8 una novit\u00e0 assoluta, che applicheremo nelle azioni e\u00a0 nelle scelte politiche, non si user\u00e0 il Cencelli per scegliere gli assessori ma sar\u00e0 premiata la professionalit\u00e0 e la capacit\u00e0. Toccher\u00e0 vedere il bilancio, senza benzina non si v\u00e0 da nessuna parte e sar\u00e0 fondamentale fare uno screening accurato delle condizioni delle casse comunali. Molta importanza sar\u00e0 data all\u2019assessorato alle Politiche Giovanili, i giovani messinesi non devono pi\u00f9 partire anzi dovranno essere i nostri cacciatori di fondi da Palermo a Bruxelles\u201d<\/em>.<\/p>\n<p style=\"text-align: justify;\">La politica per\u00f2 torna protagonista e il grande interrogativo riguarda il ruolo che ricoprir\u00e0 all\u2019interno del modello Messina: \u201c<em>Deve cambiare il sistema di fare politica, si deve tornare a capire ci\u00f2 che vuole la gente altrimenti l\u2019ondata dei populismi sar\u00e0 inarrestabile e meritata. Io parto dalla base politica che ha sostenuto il Governatore Musumeci, ma questa base non mi porta all\u2019isolamento anzi sono pronto a \u00a0dialogare e coinvolgere tutti, dal Partito Democratico a Peppe Picciolo. Prima di tutto vanno messi i progetti per la citt\u00e0, le divisioni vanno accantonate in nome del dialogo costruttivo ma basato su principi chiari e definiti. Mi riferico anche ad Accorinti, con cui ho uno splendido rapporto, ma anche a Cateno De Luca\u201d. \u00a0<\/em><\/p>\n<p><strong>Foto Rocco Papandrea<\/strong><\/p>\n","protected":false},"excerpt":{"rendered":"<p>Nessun deputato regionale o onorevole al seguito, nessun simbolo di partito attorno, solo quello con la scritta \u201cBramanti Sindaco\u201d. L\u2019ormai ex direttore scientifico dell\u2019Irccs Centro Neurolesi inizia la propria campagna elettorale oggi, dal palco del Foyer del Teatro Vittorio Emanuele, un\u2019avventura che durer\u00e0 poco pi\u00f9 di due mesi e che ha come obiettivo quello di [&hellip;]<\/p>\n","protected":false},"author":14,"featured_media":17687,"comment_status":"closed","ping_status":"open","sticky":false,"template":"","format":"standard","meta":{"ub_ctt_via":"","_mi_skip_tracking":false},"categories":[19],"tags":[],"featured_image_src":"https:\/\/www.messinaoggi.it\/website\/wp-content\/uploads\/2018\/03\/candidatura-bramanti_8210-1.jpg","author_info":{"display_name":"Antonio Macauda","author_link":"https:\/\/www.messinaoggi.it\/website\/author\/a-macauda\/"},"digistream_id":0,"digistream":false,"_links":{"self":[{"href":"https:\/\/www.messinaoggi.it\/website\/wp-json\/wp\/v2\/posts\/17684"}],"collection":[{"href":"https:\/\/www.messinaoggi.it\/website\/wp-json\/wp\/v2\/posts"}],"about":[{"href":"https:\/\/www.messinaoggi.it\/website\/wp-json\/wp\/v2\/types\/post"}],"author":[{"embeddable":true,"href":"https:\/\/www.messinaoggi.it\/website\/wp-json\/wp\/v2\/users\/14"}],"replies":[{"embeddable":true,"href":"https:\/\/www.messinaoggi.it\/website\/wp-json\/wp\/v2\/comments?post=17684"}],"version-history":[{"count":0,"href":"https:\/\/www.messinaoggi.it\/website\/wp-json\/wp\/v2\/posts\/17684\/revisions"}],"wp:featuredmedia":[{"embeddable":true,"href":"https:\/\/www.messinaoggi.it\/website\/wp-json\/wp\/v2\/media\/17687"}],"wp:attachment":[{"href":"https:\/\/www.messinaoggi.it\/website\/wp-json\/wp\/v2\/media?parent=17684"}],"wp:term":[{"taxonomy":"category","embeddable":true,"href":"https:\/\/www.messinaoggi.it\/website\/wp-json\/wp\/v2\/categories?post=17684"},{"taxonomy":"post_tag","embeddable":true,"href":"https:\/\/www.messinaoggi.it\/website\/wp-json\/wp\/v2\/tags?post=17684"}],"curies":[{"name":"wp","href":"https:\/\/api.w.org\/{rel}","templated":true}]}}