{"id":176413,"date":"2023-11-13T08:36:00","date_gmt":"2023-11-13T07:36:00","guid":{"rendered":"http:\/\/www.messinaoggi.it\/website\/?p=176413"},"modified":"2023-11-13T08:36:01","modified_gmt":"2023-11-13T07:36:01","slug":"montalbano-elicona-dedica-il-suo-centro-storico-a-casella-medaglia-doro-al-valor-civile","status":"publish","type":"post","link":"https:\/\/www.messinaoggi.it\/website\/2023\/11\/13\/montalbano-elicona-dedica-il-suo-centro-storico-a-casella-medaglia-doro-al-valor-civile\/","title":{"rendered":"Montalbano Elicona dedica il suo centro storico a Casella, medaglia d\u2019oro al valor civile"},"content":{"rendered":"\n<p>Montalbano Elicona dedica il suo centro storico ad Angelo Casella, defunto capo squadra dei vigili del fuoco insignito della medaglia d\u2019oro al valor civile. Si \u00e8 tenuta ieri, domenica 12, alla presenza delle autorit\u00e0 civili, militari e religiose, una cerimonia in memoria di Casella, durante la quale \u00e8 avvenuta la scopertura della targa &#8220;via Angelo Casella medaglia d&#8217;oro al valor civile&#8221;, ubicato nel centro storico del Montalbano Elicona, nelle immediate vicinanze dell\u2019abitazione di Casella.<div id=\"div-gpt-ad-Messinaoggi.it-DSK-300x250-corpoart\" style=\"text-align:center;margin:0 auto;\"><\/div><\/p>\n\n\n\n<p>La cerimonia \u00e8 stata presieduta dal sindaco del comune di Montalbano, avvocato Antonino Todaro, che ha tenuto un discorso commemorativo in onore del capo squadra, sottolineando l&#8217;importanza del lavoro di Angelo Casella e dei vigili del fuoco, ringraziando tutti per il servizio alla comunit\u00e0. A moderare la cerimonia era presente l&#8217;avvocato Giovanni Tortora, presidente del Consiglio del comune di Montalbano.<div id=\"videoincontent\" style=\"clear:both\";><\/div><\/p>\n\n\n\n<figure class=\"wp-block-image size-large\"><img loading=\"lazy\" width=\"1024\" height=\"683\" src=\"http:\/\/www.messinaoggi.it\/website\/wp-content\/uploads\/2023\/11\/cerimonia-via-angelo-casella-2-1024x683.jpg\" alt=\"\" class=\"wp-image-176414\" srcset=\"https:\/\/www.messinaoggi.it\/website\/wp-content\/uploads\/2023\/11\/cerimonia-via-angelo-casella-2-1024x683.jpg 1024w, https:\/\/www.messinaoggi.it\/website\/wp-content\/uploads\/2023\/11\/cerimonia-via-angelo-casella-2-300x200.jpg 300w, https:\/\/www.messinaoggi.it\/website\/wp-content\/uploads\/2023\/11\/cerimonia-via-angelo-casella-2-768x512.jpg 768w, https:\/\/www.messinaoggi.it\/website\/wp-content\/uploads\/2023\/11\/cerimonia-via-angelo-casella-2-1536x1024.jpg 1536w, https:\/\/www.messinaoggi.it\/website\/wp-content\/uploads\/2023\/11\/cerimonia-via-angelo-casella-2-2048x1366.jpg 2048w\" sizes=\"(max-width: 1024px) 100vw, 1024px\" \/><\/figure>\n\n\n\n<p>Tra i vari discorsi commemorativi, anche quello molto toccante del comandante provinciale dei vigili del fuoco di Messina, Felice Irac\u00e0, il quale ha ribadito che, sotto una divisa da uomini forti ed eroici, c&#8217;\u00e8 un essere umano con sentimenti e paure ma, grazie al lavoro di squadra, si riescono a gestire e superare.<\/p>\n\n\n\n<p>Alla cerimonia erano presenti, oltre ai familiari di Casella, anche i colleghi dell&#8217;Associazione Nazionale dei Vigili del fuoco in pensione, che hanno espresso la loro gratitudine per Angelo e per l&#8217;intitolazione della via a lui dedicata. La manifestazione si \u00e8 conclusa con la benedizione del parroco del comune montalbanese don Mauro Sabino e un grosso applauso finale da parte di tutti i presenti.<\/p>\n","protected":false},"excerpt":{"rendered":"<p>Montalbano Elicona dedica il suo centro storico ad Angelo Casella, defunto capo squadra dei vigili del fuoco insignito della medaglia d\u2019oro al valor civile. Si \u00e8 tenuta ieri, domenica 12, alla presenza delle autorit\u00e0 civili, militari e religiose, una cerimonia in memoria di Casella, durante la quale \u00e8 avvenuta la scopertura della targa &#8220;via Angelo [&hellip;]<\/p>\n","protected":false},"author":8,"featured_media":176415,"comment_status":"open","ping_status":"open","sticky":false,"template":"","format":"standard","meta":{"ub_ctt_via":"","_mi_skip_tracking":false},"categories":[13,14],"tags":[9039,2779,75],"featured_image_src":"https:\/\/www.messinaoggi.it\/website\/wp-content\/uploads\/2023\/11\/cerimonia-via-angelo-casella-3-scaled.jpg","author_info":{"display_name":"red..me","author_link":"https:\/\/www.messinaoggi.it\/website\/author\/redstage\/"},"digistream_id":0,"digistream":false,"_links":{"self":[{"href":"https:\/\/www.messinaoggi.it\/website\/wp-json\/wp\/v2\/posts\/176413"}],"collection":[{"href":"https:\/\/www.messinaoggi.it\/website\/wp-json\/wp\/v2\/posts"}],"about":[{"href":"https:\/\/www.messinaoggi.it\/website\/wp-json\/wp\/v2\/types\/post"}],"author":[{"embeddable":true,"href":"https:\/\/www.messinaoggi.it\/website\/wp-json\/wp\/v2\/users\/8"}],"replies":[{"embeddable":true,"href":"https:\/\/www.messinaoggi.it\/website\/wp-json\/wp\/v2\/comments?post=176413"}],"version-history":[{"count":1,"href":"https:\/\/www.messinaoggi.it\/website\/wp-json\/wp\/v2\/posts\/176413\/revisions"}],"predecessor-version":[{"id":176416,"href":"https:\/\/www.messinaoggi.it\/website\/wp-json\/wp\/v2\/posts\/176413\/revisions\/176416"}],"wp:featuredmedia":[{"embeddable":true,"href":"https:\/\/www.messinaoggi.it\/website\/wp-json\/wp\/v2\/media\/176415"}],"wp:attachment":[{"href":"https:\/\/www.messinaoggi.it\/website\/wp-json\/wp\/v2\/media?parent=176413"}],"wp:term":[{"taxonomy":"category","embeddable":true,"href":"https:\/\/www.messinaoggi.it\/website\/wp-json\/wp\/v2\/categories?post=176413"},{"taxonomy":"post_tag","embeddable":true,"href":"https:\/\/www.messinaoggi.it\/website\/wp-json\/wp\/v2\/tags?post=176413"}],"curies":[{"name":"wp","href":"https:\/\/api.w.org\/{rel}","templated":true}]}}