{"id":17622,"date":"2018-03-30T14:29:26","date_gmt":"2018-03-30T12:29:26","guid":{"rendered":"http:\/\/www.messinaoggi.it\/website\/?p=17622"},"modified":"2018-03-30T14:29:26","modified_gmt":"2018-03-30T12:29:26","slug":"trischitta-lascia-forza-italia-tutti-ai-piedi-di-genovese-deluso-dal-centrodestra","status":"publish","type":"post","link":"https:\/\/www.messinaoggi.it\/website\/2018\/03\/30\/trischitta-lascia-forza-italia-tutti-ai-piedi-di-genovese-deluso-dal-centrodestra\/","title":{"rendered":"Trischitta lascia Forza Italia: &quot;Tutti ai piedi di Genovese, deluso dal centrodestra&quot;"},"content":{"rendered":"<p style=\"text-align: justify;\">La notizia era nell\u2019aria gi\u00e0 da tempo, anzi a dire il vero, ormai da diverso tempo Pippo Trischitta ha vissuto all\u2019interno di Forza Italia da separato in casa. Lui ha sempre rivendicato la sua appartenenza e la sua storia da uomo di destra, che rimane fermo sulle proprie posizioni nella buona o nella cattiva sorte. Ma il partito \u00e8 molto cambiato rispetto al 2013, quando Trischitta \u00e8 tornato tra gli scranni del Consiglio Comunale con il grado di capogruppo. La classica goccia che ha fatto traboccare il vaso \u00e8 stata la candidatura di Dino Bramanti come sindaco, nome a cui Trischitta si \u00e8 opposto tanto da non fermare la propria corsa verso le amministrative come primo cittadino e la susseguente nascita di Messina Splendida.<div id=\"div-gpt-ad-Messinaoggi.it-DSK-300x250-corpoart\" style=\"text-align:center;margin:0 auto;\"><\/div><\/p>\n<p style=\"text-align: justify;\">Trischitta dunque lascia Forza Italia e lo fa in aperta contestazione con i massimi rappresentanti del partito: <em>\u201cE\u2019 una decisione ovvia e scontata, soprattutto dopo il mandato dato a Francantonio Genovese, a suo figlio Luigi e a Bramanti di comporre le liste del partito. Tutto questo nonostante non ci sia stata alcuna richiesta da parte del direttivo nazionale o dal mio gruppo, anzi i colleghi Crif\u00f2 e Parisi mi ha sempre identificato come il capogruppo migliore che potessero avere. Io ho sempre sostenuto che la mia contrariet\u00e0 all\u2019ingresso di Genovese all\u2019interno di Forza Italia, molti leader nazionali mi hanno garantito che la sua presenza sarebbe stata solo momentanea ed invece gli hanno messo in mano un partito tanto da gestire le liste in vista delle prossime elezioni comunali, si \u00e8 calato un vero e proprio poker d\u2019assi per mettere le mani sulla citt\u00e0<\/em>\u201d.<div id=\"videoincontent\" style=\"clear:both\";><\/div><\/p>\n<p style=\"text-align: justify;\">Trischitta riserva un pesante attacco all\u2019intero mondo del centrodestra: <em>\u201cSia all\u2019interno di Forza Italia che di tutto l\u2019ambito del centrodestra tutto questo \u00e8 stato accettato nel pi\u00f9 totale silenzio, Bramanti senza Genovese non \u00e8 nessuno e non avrebbe alcuna speranza elettorale. Le liste saranno piene zeppe di persone vogliose di salire sul carro del presunto vincitore, la cosa incredibile che nessun partito si sia posto il problema di questo eccessivo potere dato a Genovese nel centrodestra, anzi tutti vanno a fare anticamera nella sua segreteria politica. Trovo sconvolgente che a porre il veto sulla candidatura di Franco Rinaldi alle elezioni politiche sia stata Giorgia Meloni e non qualcuno all\u2019interno di Forza Italia\u201d<\/em>.<\/p>\n<p style=\"text-align: justify;\">Trischitta affonda il colpo: \u201c<em>Mi sento deluso da Berlusconi, che ha accettato l\u2019ingresso di Genovese che \u00e8 stato segretario del Pd. Ma trovo ancora pi\u00f9 vergognoso il ritorno di Nino German\u00e0, che dopo aver appoggiato, anche con assessori in quota Ncd, il Governo Crocetta alla Regione e il Governo Renzi torna in Forza Italia accolto come il figliol prodigo e gli permettono di essere eletto a Roma<\/em>\u201d. Durante la conferenza stampa, Trischitta ha presentato Ranieri Wanderling, suo assessore designato: <em>\u201cE\u2019 una persona di altissimo spessore, un artista e scultore riconosciuto anche a livello nazionale, esperto nel settore dell\u2019intercettazione dei finanziamenti europei\u201d.<\/em><\/p>\n","protected":false},"excerpt":{"rendered":"<p>La notizia era nell\u2019aria gi\u00e0 da tempo, anzi a dire il vero, ormai da diverso tempo Pippo Trischitta ha vissuto all\u2019interno di Forza Italia da separato in casa. Lui ha sempre rivendicato la sua appartenenza e la sua storia da uomo di destra, che rimane fermo sulle proprie posizioni nella buona o nella cattiva sorte. [&hellip;]<\/p>\n","protected":false},"author":14,"featured_media":17623,"comment_status":"closed","ping_status":"open","sticky":false,"template":"","format":"standard","meta":{"ub_ctt_via":"","_mi_skip_tracking":false},"categories":[4],"tags":[],"featured_image_src":"https:\/\/www.messinaoggi.it\/website\/wp-content\/uploads\/2018\/03\/trischitta-3-1.jpg","author_info":{"display_name":"Antonio Macauda","author_link":"https:\/\/www.messinaoggi.it\/website\/author\/a-macauda\/"},"digistream_id":0,"digistream":false,"_links":{"self":[{"href":"https:\/\/www.messinaoggi.it\/website\/wp-json\/wp\/v2\/posts\/17622"}],"collection":[{"href":"https:\/\/www.messinaoggi.it\/website\/wp-json\/wp\/v2\/posts"}],"about":[{"href":"https:\/\/www.messinaoggi.it\/website\/wp-json\/wp\/v2\/types\/post"}],"author":[{"embeddable":true,"href":"https:\/\/www.messinaoggi.it\/website\/wp-json\/wp\/v2\/users\/14"}],"replies":[{"embeddable":true,"href":"https:\/\/www.messinaoggi.it\/website\/wp-json\/wp\/v2\/comments?post=17622"}],"version-history":[{"count":0,"href":"https:\/\/www.messinaoggi.it\/website\/wp-json\/wp\/v2\/posts\/17622\/revisions"}],"wp:featuredmedia":[{"embeddable":true,"href":"https:\/\/www.messinaoggi.it\/website\/wp-json\/wp\/v2\/media\/17623"}],"wp:attachment":[{"href":"https:\/\/www.messinaoggi.it\/website\/wp-json\/wp\/v2\/media?parent=17622"}],"wp:term":[{"taxonomy":"category","embeddable":true,"href":"https:\/\/www.messinaoggi.it\/website\/wp-json\/wp\/v2\/categories?post=17622"},{"taxonomy":"post_tag","embeddable":true,"href":"https:\/\/www.messinaoggi.it\/website\/wp-json\/wp\/v2\/tags?post=17622"}],"curies":[{"name":"wp","href":"https:\/\/api.w.org\/{rel}","templated":true}]}}