{"id":176195,"date":"2023-11-10T14:08:03","date_gmt":"2023-11-10T13:08:03","guid":{"rendered":"https:\/\/www.messinaoggi.it\/website\/2023\/11\/10\/covid-contagi-in-calo-ma-aumento-i-decessi\/"},"modified":"2023-11-10T18:45:42","modified_gmt":"2023-11-10T17:45:42","slug":"covid-contagi-in-calo-ma-aumento-i-decessi","status":"publish","type":"post","link":"https:\/\/www.messinaoggi.it\/website\/2023\/11\/10\/covid-contagi-in-calo-ma-aumento-i-decessi\/","title":{"rendered":"Covid, contagi in calo ma aumento i decessi"},"content":{"rendered":"<div>ROMA (ITALPRESS) &#8211; Nella settimana tra il 2 e l&#8217;8 novembre, secondo i dati del ministero della Salute sono stati registrati 26.789 nuovi casi positivi Covid-19 con una variazione di -2,4% rispetto alla settimana precedente (quando erano 27.442). <br \/>Sono invece 163 i deceduti con una variazione di +10,1% rispetto ai sette giorni prima, quando erano stati 148. In totale sono 197.818 i tamponi effettuati con una variazione di -4,1% rispetto alla settimana precedente (206.339) mentre il tasso di positivit\u00e0 del 13,5% con una variazione di +0,2% rispetto ai sette giorni precedenti (13,3%). Il tasso di occupazione in area medica \u00e8 a 5,9% (3656 ricoverati) rispetto a 5,8% (3.620 ricoverati) al 1 novembre 2023. Invariato il tasso di occupazione in terapia intensiva a 1,2% (102 ricoverati).<br \/>&#8220;Si consolida ormai il dato di un decremento sempre pi\u00f9 evidente dell&#8217;andamento epidemiologico e del conseguente scarso impatto sulle strutture ospedaliere&#8221;, ha detto il direttore generale della Prevenzione sanitaria del ministero della Salute, Francesco Vaia. &#8220;Cos\u00ec come gi\u00e0 annunciato dal ministero, la nostra attenzione \u00e8 sempre pi\u00f9 rivolta alla difesa dei fragili, motivo per il quale ieri \u00e8 stata emanata una nuova circolare per le Regioni e le province autonome tesa a rafforzare da un lato la campagna di comunicazione e dall&#8217;altro il potenziamento organizzativo che deve avere come obiettivo la possibilit\u00e0 di vaccinare nell&#8217;ambito delle strutture ospedaliere, ambulatoriali, sanitarie e sociosanitarie. Uno sforzo aggiuntivo che chiediamo alle Regioni, che ringraziamo per la loro attiva collaborazione, per proteggere i pi\u00f9 deboli&#8221;, ha concluso Vaia. <br \/>(ITALPRESS).<br \/>&#8211; Foto: Agenzia Fotogramma &#8211;<\/div>\n<div id=\"div-gpt-ad-Messinaoggi.it-DSK-300x250-corpoart\" style=\"text-align:center;margin:0 auto;\"><\/div><\/p><div id=\"videoincontent\" style=\"clear:both\";><\/div>","protected":false},"excerpt":{"rendered":"<p>ROMA (ITALPRESS) &#8211; Nella settimana tra il 2 e l&#8217;8 novembre, secondo i dati del ministero della Salute sono stati registrati 26.789 nuovi casi positivi Covid-19 con una variazione di -2,4% rispetto alla settimana precedente (quando erano 27.442). Sono invece 163 i deceduti con una variazione di +10,1% rispetto ai sette giorni prima, quando erano [&hellip;]<\/p>\n","protected":false},"author":18,"featured_media":176196,"comment_status":"closed","ping_status":"closed","sticky":false,"template":"","format":"standard","meta":{"ub_ctt_via":"","_mi_skip_tracking":false},"categories":[221,446],"tags":[783],"featured_image_src":"https:\/\/www.messinaoggi.it\/website\/wp-content\/uploads\/2023\/11\/20231110_0583.jpg","author_info":{"display_name":"Admin","author_link":"https:\/\/www.messinaoggi.it\/website\/author\/admin\/"},"digistream_id":0,"digistream":false,"_links":{"self":[{"href":"https:\/\/www.messinaoggi.it\/website\/wp-json\/wp\/v2\/posts\/176195"}],"collection":[{"href":"https:\/\/www.messinaoggi.it\/website\/wp-json\/wp\/v2\/posts"}],"about":[{"href":"https:\/\/www.messinaoggi.it\/website\/wp-json\/wp\/v2\/types\/post"}],"author":[{"embeddable":true,"href":"https:\/\/www.messinaoggi.it\/website\/wp-json\/wp\/v2\/users\/18"}],"replies":[{"embeddable":true,"href":"https:\/\/www.messinaoggi.it\/website\/wp-json\/wp\/v2\/comments?post=176195"}],"version-history":[{"count":1,"href":"https:\/\/www.messinaoggi.it\/website\/wp-json\/wp\/v2\/posts\/176195\/revisions"}],"predecessor-version":[{"id":176250,"href":"https:\/\/www.messinaoggi.it\/website\/wp-json\/wp\/v2\/posts\/176195\/revisions\/176250"}],"wp:featuredmedia":[{"embeddable":true,"href":"https:\/\/www.messinaoggi.it\/website\/wp-json\/wp\/v2\/media\/176196"}],"wp:attachment":[{"href":"https:\/\/www.messinaoggi.it\/website\/wp-json\/wp\/v2\/media?parent=176195"}],"wp:term":[{"taxonomy":"category","embeddable":true,"href":"https:\/\/www.messinaoggi.it\/website\/wp-json\/wp\/v2\/categories?post=176195"},{"taxonomy":"post_tag","embeddable":true,"href":"https:\/\/www.messinaoggi.it\/website\/wp-json\/wp\/v2\/tags?post=176195"}],"curies":[{"name":"wp","href":"https:\/\/api.w.org\/{rel}","templated":true}]}}