{"id":176170,"date":"2023-11-10T13:05:37","date_gmt":"2023-11-10T12:05:37","guid":{"rendered":"http:\/\/www.messinaoggi.it\/website\/?p=176170"},"modified":"2023-11-10T13:05:38","modified_gmt":"2023-11-10T12:05:38","slug":"messina-iniziano-i-preparativi-per-celebrare-la-visita-del-presidente-pertini","status":"publish","type":"post","link":"https:\/\/www.messinaoggi.it\/website\/2023\/11\/10\/messina-iniziano-i-preparativi-per-celebrare-la-visita-del-presidente-pertini\/","title":{"rendered":"Messina, iniziano i preparativi per celebrare la visita del presidente Pertini"},"content":{"rendered":"\n<p>Messina avvia i preparativi per celebrare il 45\u00b0 anniversario della visita in citt\u00e0 di Sandro Pertini, settimo presidente della Repubblica italiana. Domani, sabato 11 novembre, ricorre il 44\u00b0 anniversario della visita a Messina del presidente della Repubblica Sandro Pertini per il conferimento della medaglia d\u2019oro alla citt\u00e0, per l\u2019eroico comportamento tenuto dai messinesi nel corso dei bombardamenti della II Guerra Mondiale. Il Centro Turistico Giovanile &#8211; Gruppo CTG \u201cMadonna della Lettera\u201d- Centro Studi \u201cVirgo Humilis\u201d di Messina, coordinato dal professor Pietro Chill\u00e8, intende organizzare, a partire dal prossimo anno,\u00a0una serie di attivit\u00e0 per promuovere in citt\u00e0, in collaborazione con il comune di Messina e il dipartimento di Storia Contemporanea dell&#8217;Universit\u00e0 di Messina, il 45\u00b0 anniversario di tale visita.<div id=\"div-gpt-ad-Messinaoggi.it-DSK-300x250-corpoart\" style=\"text-align:center;margin:0 auto;\"><\/div><\/p>\n\n\n\n<p>L\u2019Amministrazione comunale esprime il proprio apprezzamento per la pregevole iniziativa, dichiarandosi fin d&#8217;ora disponibile a condividere un percorso per predisporre i dovuti festeggiamenti del 45\u00b0 anniversario, che ricorrer\u00e0 appunto il prossimo anno, sottolineando l\u2019importanza della memoria storica per le nuove generazioni. \u201c\u00c8 necessario, oltre che significativo, \u2013 ha dichiarato il sindaco Federico Basile, in piena condivisione con la Giunta municipale &#8211; promuovere il concetto di amore di patria&#8221;.<div id=\"videoincontent\" style=\"clear:both\";><\/div><\/p>\n\n\n\n<p>\u201c\u00c8 necessario, oltre che significativo, \u2013 ha dichiarato il sindaco Federico Basile, in piena condivisione con la Ggunta municipale &#8211; promuovere il concetto di amore di patria, con la rievocazione di periodi bui della storia, dai quali la comunit\u00e0 messinese si \u00e8 saputa affrancare, con volont\u00e0, forza e determinazione\u201d.<\/p>\n","protected":false},"excerpt":{"rendered":"<p>Messina avvia i preparativi per celebrare il 45\u00b0 anniversario della visita in citt\u00e0 di Sandro Pertini, settimo presidente della Repubblica italiana. Domani, sabato 11 novembre, ricorre il 44\u00b0 anniversario della visita a Messina del presidente della Repubblica Sandro Pertini per il conferimento della medaglia d\u2019oro alla citt\u00e0, per l\u2019eroico comportamento tenuto dai messinesi nel corso [&hellip;]<\/p>\n","protected":false},"author":8,"featured_media":176171,"comment_status":"open","ping_status":"open","sticky":false,"template":"","format":"standard","meta":{"ub_ctt_via":"","_mi_skip_tracking":false},"categories":[5],"tags":[2570,602,9024],"featured_image_src":"https:\/\/www.messinaoggi.it\/website\/wp-content\/uploads\/2023\/11\/sandro-pertini.jpg","author_info":{"display_name":"red..me","author_link":"https:\/\/www.messinaoggi.it\/website\/author\/redstage\/"},"digistream_id":0,"digistream":false,"_links":{"self":[{"href":"https:\/\/www.messinaoggi.it\/website\/wp-json\/wp\/v2\/posts\/176170"}],"collection":[{"href":"https:\/\/www.messinaoggi.it\/website\/wp-json\/wp\/v2\/posts"}],"about":[{"href":"https:\/\/www.messinaoggi.it\/website\/wp-json\/wp\/v2\/types\/post"}],"author":[{"embeddable":true,"href":"https:\/\/www.messinaoggi.it\/website\/wp-json\/wp\/v2\/users\/8"}],"replies":[{"embeddable":true,"href":"https:\/\/www.messinaoggi.it\/website\/wp-json\/wp\/v2\/comments?post=176170"}],"version-history":[{"count":1,"href":"https:\/\/www.messinaoggi.it\/website\/wp-json\/wp\/v2\/posts\/176170\/revisions"}],"predecessor-version":[{"id":176172,"href":"https:\/\/www.messinaoggi.it\/website\/wp-json\/wp\/v2\/posts\/176170\/revisions\/176172"}],"wp:featuredmedia":[{"embeddable":true,"href":"https:\/\/www.messinaoggi.it\/website\/wp-json\/wp\/v2\/media\/176171"}],"wp:attachment":[{"href":"https:\/\/www.messinaoggi.it\/website\/wp-json\/wp\/v2\/media?parent=176170"}],"wp:term":[{"taxonomy":"category","embeddable":true,"href":"https:\/\/www.messinaoggi.it\/website\/wp-json\/wp\/v2\/categories?post=176170"},{"taxonomy":"post_tag","embeddable":true,"href":"https:\/\/www.messinaoggi.it\/website\/wp-json\/wp\/v2\/tags?post=176170"}],"curies":[{"name":"wp","href":"https:\/\/api.w.org\/{rel}","templated":true}]}}