{"id":176132,"date":"2023-11-10T07:41:56","date_gmt":"2023-11-10T06:41:56","guid":{"rendered":"http:\/\/www.messinaoggi.it\/website\/?p=176132"},"modified":"2023-11-10T07:41:58","modified_gmt":"2023-11-10T06:41:58","slug":"municipalita-cambiano-gli-orari-della-v-e-della-vi","status":"publish","type":"post","link":"https:\/\/www.messinaoggi.it\/website\/2023\/11\/10\/municipalita-cambiano-gli-orari-della-v-e-della-vi\/","title":{"rendered":"Municipalit\u00e0, cambiano gli orari della V e della VI"},"content":{"rendered":"\n<p>Cambiano gli orari della V e della VI Municipalit\u00e0. Il dipartimento Affari generali, infatti, ha reso noto che dal mese\u00a0di novembre i\u00a0servizi al pubblico della V e della VI circoscrizione (servizi anagrafici e carte di identit\u00e0) osserveranno nuovi orari. <div id=\"div-gpt-ad-Messinaoggi.it-DSK-300x250-corpoart\" style=\"text-align:center;margin:0 auto;\"><\/div><\/p>\n\n\n\n<p>La V Circoscrizione, in via Nicola Petrina 2 a Villa Lina, seguir\u00e0 i seguenti orari: dal luned\u00ec al venerd\u00ec, dalle 8.30 alle 12.30, marted\u00ec e gioved\u00ec, dalle 14.30 alle 16.30. La VI Circoscrizione, in via Consolare Pompea n. 1853 a Ganzirri, osserver\u00e0 il seguente calendario di apertura: dal luned\u00ec al venerd\u00ec, dalle 8.30 alle 12.30, luned\u00ec e mercoled\u00ec, dalle 14.30 alle 16.30.<div id=\"videoincontent\" style=\"clear:both\";><\/div><\/p>\n","protected":false},"excerpt":{"rendered":"<p>Cambiano gli orari della V e della VI Municipalit\u00e0. Il dipartimento Affari generali, infatti, ha reso noto che dal mese\u00a0di novembre i\u00a0servizi al pubblico della V e della VI circoscrizione (servizi anagrafici e carte di identit\u00e0) osserveranno nuovi orari. La V Circoscrizione, in via Nicola Petrina 2 a Villa Lina, seguir\u00e0 i seguenti orari: dal [&hellip;]<\/p>\n","protected":false},"author":8,"featured_media":170394,"comment_status":"open","ping_status":"open","sticky":false,"template":"","format":"standard","meta":{"ub_ctt_via":"","_mi_skip_tracking":false},"categories":[5],"tags":[2734,8465,9021],"featured_image_src":"https:\/\/www.messinaoggi.it\/website\/wp-content\/uploads\/2023\/09\/whatsapp-image-2023-07-26-at-09-09-10.png","author_info":{"display_name":"red..me","author_link":"https:\/\/www.messinaoggi.it\/website\/author\/redstage\/"},"digistream_id":0,"digistream":false,"_links":{"self":[{"href":"https:\/\/www.messinaoggi.it\/website\/wp-json\/wp\/v2\/posts\/176132"}],"collection":[{"href":"https:\/\/www.messinaoggi.it\/website\/wp-json\/wp\/v2\/posts"}],"about":[{"href":"https:\/\/www.messinaoggi.it\/website\/wp-json\/wp\/v2\/types\/post"}],"author":[{"embeddable":true,"href":"https:\/\/www.messinaoggi.it\/website\/wp-json\/wp\/v2\/users\/8"}],"replies":[{"embeddable":true,"href":"https:\/\/www.messinaoggi.it\/website\/wp-json\/wp\/v2\/comments?post=176132"}],"version-history":[{"count":1,"href":"https:\/\/www.messinaoggi.it\/website\/wp-json\/wp\/v2\/posts\/176132\/revisions"}],"predecessor-version":[{"id":176133,"href":"https:\/\/www.messinaoggi.it\/website\/wp-json\/wp\/v2\/posts\/176132\/revisions\/176133"}],"wp:featuredmedia":[{"embeddable":true,"href":"https:\/\/www.messinaoggi.it\/website\/wp-json\/wp\/v2\/media\/170394"}],"wp:attachment":[{"href":"https:\/\/www.messinaoggi.it\/website\/wp-json\/wp\/v2\/media?parent=176132"}],"wp:term":[{"taxonomy":"category","embeddable":true,"href":"https:\/\/www.messinaoggi.it\/website\/wp-json\/wp\/v2\/categories?post=176132"},{"taxonomy":"post_tag","embeddable":true,"href":"https:\/\/www.messinaoggi.it\/website\/wp-json\/wp\/v2\/tags?post=176132"}],"curies":[{"name":"wp","href":"https:\/\/api.w.org\/{rel}","templated":true}]}}