{"id":17612,"date":"2018-03-30T10:29:27","date_gmt":"2018-03-30T08:29:27","guid":{"rendered":"http:\/\/www.messinaoggi.it\/website\/?p=17612"},"modified":"2018-03-30T10:29:27","modified_gmt":"2018-03-30T08:29:27","slug":"partito-democratico-decidere-fa-paura-primarie-sempre-piu-vicine","status":"publish","type":"post","link":"https:\/\/www.messinaoggi.it\/website\/2018\/03\/30\/partito-democratico-decidere-fa-paura-primarie-sempre-piu-vicine\/","title":{"rendered":"Partito Democratico, decidere fa paura: primarie sempre pi\u00f9 vicine"},"content":{"rendered":"<p style=\"text-align: justify;\">Doveva essere la riunione della verit\u00e0, della svolta, quella in cui sarebbe dovuto uscire il nome su cui puntare in vista delle prossime elezioni amministrative. Per il Partito Democratico, invece, quella di ieri \u00e8 stata l\u2019ennesima giornata interlocutoria, perch\u00e9 mai come in questo momento decidere appare quanto mai complicato.<div id=\"div-gpt-ad-Messinaoggi.it-DSK-300x250-corpoart\" style=\"text-align:center;margin:0 auto;\"><\/div><\/p>\n<p style=\"text-align: justify;\">Decidere fa davvero paura, specie in presenza di un vuoto di leadership che in questo momento sta mostrando tutte le proprie conseguenze. Qualcuno che decida e che estragga dal cilindro un nome ci vuole, cos\u00ec se la direzione del partito non ne \u00e8 in grado toccher\u00e0 agli elettori attraverso le primarie.<div id=\"videoincontent\" style=\"clear:both\";><\/div><\/p>\n<p style=\"text-align: justify;\">La data gi\u00e0 c\u2019\u00e8 ed \u00e8 quella del 15 aprile, questo lo scenario pi\u00f9 plausibile dopo l\u2019ennesimo nulla di fatto di ieri dove comunque \u00e8 stato approvato il regolamento per le eventuali elezioni. Questo se il prossimo 5 aprile non ci sar\u00e0 il nome su cui convergere nella corsa verso la poltrona pi\u00f9 prestigiosa a Palazzo Zanca. Scenario pi\u00f9 che plausibile, viste che le distanze tra le varie anime sembrano ancora notevoli e difficilmente colmabili in un lasso di tempo cos\u00ec breve.<\/p>\n<p style=\"text-align: justify;\">Da una parte c\u2019\u00e8 la vecchia guardia, formata dai renziani della prima ora Russo e Quero ma anche Felice Calabr\u00f2 che fa capo a Dario Franceschini, che vorrebbero una candidatura frutto della militanza e dell\u2019impegno sul territorio. Una sorta di premio per un\u2019intera generazione che ha sempre dato il proprio supporto, nella buona o nella cattiva sorte. Dall\u2019altra parte c\u2019\u00e8 la corrente accademica che ha in Pietro Navarra il proprio esponente pi\u00f9 illustre, che invece vorrebbe pesare nell\u2019ambiente universitario o in quello della societ\u00e0 civile.<\/p>\n<p style=\"text-align: justify;\">Una candidatura di sistema in grado di poter sparigliare le carte e puntare al ballottaggio. I nomi sono sempre quelli di Antonio Saitta e del deputato regionale Franco De Domenico, che per\u00f2 non sarebbe allettato dall\u2019idea.<\/p>\n","protected":false},"excerpt":{"rendered":"<p>Doveva essere la riunione della verit\u00e0, della svolta, quella in cui sarebbe dovuto uscire il nome su cui puntare in vista delle prossime elezioni amministrative. Per il Partito Democratico, invece, quella di ieri \u00e8 stata l\u2019ennesima giornata interlocutoria, perch\u00e9 mai come in questo momento decidere appare quanto mai complicato. Decidere fa davvero paura, specie in [&hellip;]<\/p>\n","protected":false},"author":14,"featured_media":16716,"comment_status":"closed","ping_status":"open","sticky":false,"template":"","format":"standard","meta":{"ub_ctt_via":"","_mi_skip_tracking":false},"categories":[4],"tags":[],"featured_image_src":"https:\/\/www.messinaoggi.it\/website\/wp-content\/uploads\/2018\/03\/PdPartitoDemo-1.jpg","author_info":{"display_name":"Antonio Macauda","author_link":"https:\/\/www.messinaoggi.it\/website\/author\/a-macauda\/"},"digistream_id":0,"digistream":false,"_links":{"self":[{"href":"https:\/\/www.messinaoggi.it\/website\/wp-json\/wp\/v2\/posts\/17612"}],"collection":[{"href":"https:\/\/www.messinaoggi.it\/website\/wp-json\/wp\/v2\/posts"}],"about":[{"href":"https:\/\/www.messinaoggi.it\/website\/wp-json\/wp\/v2\/types\/post"}],"author":[{"embeddable":true,"href":"https:\/\/www.messinaoggi.it\/website\/wp-json\/wp\/v2\/users\/14"}],"replies":[{"embeddable":true,"href":"https:\/\/www.messinaoggi.it\/website\/wp-json\/wp\/v2\/comments?post=17612"}],"version-history":[{"count":0,"href":"https:\/\/www.messinaoggi.it\/website\/wp-json\/wp\/v2\/posts\/17612\/revisions"}],"wp:featuredmedia":[{"embeddable":true,"href":"https:\/\/www.messinaoggi.it\/website\/wp-json\/wp\/v2\/media\/16716"}],"wp:attachment":[{"href":"https:\/\/www.messinaoggi.it\/website\/wp-json\/wp\/v2\/media?parent=17612"}],"wp:term":[{"taxonomy":"category","embeddable":true,"href":"https:\/\/www.messinaoggi.it\/website\/wp-json\/wp\/v2\/categories?post=17612"},{"taxonomy":"post_tag","embeddable":true,"href":"https:\/\/www.messinaoggi.it\/website\/wp-json\/wp\/v2\/tags?post=17612"}],"curies":[{"name":"wp","href":"https:\/\/api.w.org\/{rel}","templated":true}]}}