{"id":176013,"date":"2023-11-09T11:22:04","date_gmt":"2023-11-09T10:22:04","guid":{"rendered":"http:\/\/www.messinaoggi.it\/website\/?p=176013"},"modified":"2023-11-09T11:22:06","modified_gmt":"2023-11-09T10:22:06","slug":"spazio-macos-inaugura-la-mostra-alberart","status":"publish","type":"post","link":"https:\/\/www.messinaoggi.it\/website\/2023\/11\/09\/spazio-macos-inaugura-la-mostra-alberart\/","title":{"rendered":"Spazio Macos inaugura la mostra &#8220;Alberart&#8221;"},"content":{"rendered":"\n<p>Sabato 11 novembre, alle ore 18.00, a Spazio Macos si inaugura la Mostra Collettiva di Arte Contemporanea in Videoesposizione &#8220;Alberart\u201d, curata da <strong>Mamy Costa<\/strong>, in occasione della Giornata Nazionale dell\u2019albero del 21 novembre prossimo. <div id=\"div-gpt-ad-Messinaoggi.it-DSK-300x250-corpoart\" style=\"text-align:center;margin:0 auto;\"><\/div><\/p>\n\n\n\n<p>La mostra si compone di 26 opere di artisti contemporanei e di una lettura iconografica  composta da 28 immagini di rappresentazione degli alberi nei secoli.  <div id=\"videoincontent\" style=\"clear:both\";><\/div><\/p>\n\n\n\n<p>Presentano la mostra la  d.ssa  <strong>Dominga Carrubba<\/strong> che propone una lettura letteraria: &#8220;Per la Giornata nazionale degli alberi piove dentro a l\u2019alta fantasia la storia di Cosimo Piovasco di Rond\u00f2, protagonista de \u201cIl barone rampante\u201d, scritto tra il \u201956 e il \u201957. Cosimo \u00e8 il giovane che, all\u2019et\u00e0 di 12 anni, a seguito di un litigio con i suoi genitori per avere rifiutato un piatto di lumache, esce di casa e si rifugia in cima ad un albero per non scendervi pi\u00f9. I rami degli alberi diventano strade di vita per Cosimo che impara a riconoscere come la staticit\u00e0 non \u00e8 data da radici, ma dalla mancata disponibilit\u00e0 a cambiare modo di pensare e operare, cos\u00ec da rimanere nel proprio individualismo. Come il respiro di ogni albero si trasforma in respiro per ciascun essere vivente, cos\u00ec la vita del barone rampante \u00e8 proiettata al bene della comunit\u00e0, cambiando luoghi di osservazione nel saltellare da un ramo all\u2019altro\u201d.<\/p>\n\n\n\n<figure class=\"wp-block-image size-large\"><img loading=\"lazy\" width=\"595\" height=\"1024\" src=\"http:\/\/www.messinaoggi.it\/website\/wp-content\/uploads\/2023\/11\/locandina-NOVEMBRE-20231-1-595x1024.jpg\" alt=\"\" class=\"wp-image-176016\" srcset=\"https:\/\/www.messinaoggi.it\/website\/wp-content\/uploads\/2023\/11\/locandina-NOVEMBRE-20231-1-595x1024.jpg 595w, https:\/\/www.messinaoggi.it\/website\/wp-content\/uploads\/2023\/11\/locandina-NOVEMBRE-20231-1-174x300.jpg 174w, https:\/\/www.messinaoggi.it\/website\/wp-content\/uploads\/2023\/11\/locandina-NOVEMBRE-20231-1-768x1322.jpg 768w, https:\/\/www.messinaoggi.it\/website\/wp-content\/uploads\/2023\/11\/locandina-NOVEMBRE-20231-1.jpg 792w\" sizes=\"(max-width: 595px) 100vw, 595px\" \/><\/figure>\n\n\n\n<p> Il prof. <strong>Massimo di Bella<\/strong> si sofferma sulla lettura iconografica dicendo : <\/p>\n\n\n\n<p>\u201cGli artisti, nel tempo, hanno mostrato tutti gli aspetti ed i significati che di epoca in epoca ha assunto l\u2019albero, infinite accezioni declinate in ogni ambito della vita umana, da valore di vita a elemento di bellezza, da simbolo di forza e durevolezza a immagine di fulcro spirituale nelle pratiche religiose, fino a simbolo esoterico (come nel caso della cabala). L\u2019arte ha sempre mostrato ci\u00f2 che con le parole \u00e8 impossibile comunicare, l\u2019origine pi\u00f9 profonda e intima dell\u2019animo umano si fondono con quelle del creato, della natura e dei suoi elementi che la compongono e la completano, svelando arcane simbiosi narrate nelle raffigurazioni della storia dell\u2019arte, alla ricerca di un ponte tra umano e divino. Un viaggio infinito che ancora oggi affascina studiosi e artisti, alla ricerca di nuove interpretazioni e nuove rappresentazioni attraverso linguaggi e espressivi sempre pi\u00f9 sperimentali, un viaggio ricco di metafore e riflessioni sul valore della vita che in questa era \u00e8 messa ancora una volta alla prova.\u201d <\/p>\n\n\n\n<p>Mentre la d.ssa Mamy Costa, curatrice della mostra, propone una lettura pi\u00f9 ambientalista affermando: <\/p>\n\n\n\n<p>\u201cNel 2050 si prevede che il 70% della popolazione mondiale vivr\u00e0 in citt\u00e0 o comunque in aree fortemente urbanizzate. \u00c8 dunque la fine della convivenza e di questo suggestivo rapporto con gli alberi, cos\u00ec come l\u2019abbiamo conosciuto finora? La risposta potrebbe essere no, se lo sviluppo delle nostre citt\u00e0 seguir\u00e0 nei prossimi decenni le idee fondamentali dell\u2019ecologia urbana. Pianificare in modo diffuso e omogeneo la presenza di alberi e altre specie verdi nella progettazione cittadina permetterebbe di mantenere le funzioni ecosistemiche  degli alberi stessi. Al contempo aiuterebbe anche a proseguire nella valorizzazione di alcuni aspetti cruciali per la vita in citt\u00e0: un arredo urbano piacevole, una pulizia dell\u2019aria costante, il mantenimento della biodiversit\u00e0 e cos\u00ec via. Molto possono fare in questo senso le amministrazioni incaricate di pensare o ripensare il nostro modo di vivere e abitare nel prossimo futuro.\u201d <\/p>\n\n\n\n<p>Gli artisti partecipanti da ogni parte d\u2019Italia e anche dall\u2019estero sono : Andrea Alberti (ME),Augusto Arrotta (ME), Ludovica Buffone (RG), Carmen Casale(ME), Anna Rita Corvino (TO) Serenella Costa (ME), Enzo Curr\u00f2 (ME), Caterina D\u2019Andrea (ME),Renata De Santo (TO), Ida Fisco (NA), Giuseppe Fulco (ME), Silvia Grassi (LU), Simone Habert (BO), Giuseppe La Rosa (RG), Lorella Lauricella (IML) Arianna Lorenzin (VE), Cecilia Mingardi (RG), Jos\u00e8 Miranda (Portogallo), Giuseppina Montopoli (MC), Ornella Ogliari (MI), Kety Olivieri (TO), Rosanna Reategui (GE), Giovanna Rocca (CZ) Antonietta Russo (CT), Anna Stampa (TP), Gabriella Zedda (CA). <\/p>\n\n\n\n<p>Tutti gli artisti riceveranno Attestato di partecipazione e di merito. La mostra sar\u00e0 visibile tramite video, su tutti i social ed in galleria dal lunedi al sabato dalle 17.00 alle 19.00. La domenica su appuntamento.   <\/p>\n","protected":false},"excerpt":{"rendered":"<p>Sabato 11 novembre, alle ore 18.00, a Spazio Macos si inaugura la Mostra Collettiva di Arte Contemporanea in Videoesposizione &#8220;Alberart\u201d, curata da Mamy Costa, in occasione della Giornata Nazionale dell\u2019albero del 21 novembre prossimo. La mostra si compone di 26 opere di artisti contemporanei e di una lettura iconografica composta da 28 immagini di rappresentazione [&hellip;]<\/p>\n","protected":false},"author":15,"featured_media":176015,"comment_status":"open","ping_status":"open","sticky":false,"template":"","format":"standard","meta":{"ub_ctt_via":"","_mi_skip_tracking":false},"categories":[16],"tags":[9015,5629,909,5631],"featured_image_src":"https:\/\/www.messinaoggi.it\/website\/wp-content\/uploads\/2023\/11\/locandina-NOVEMBRE-20231-e1699525276800.jpg","author_info":{"display_name":"red.me","author_link":"https:\/\/www.messinaoggi.it\/website\/author\/red-me\/"},"digistream_id":0,"digistream":false,"_links":{"self":[{"href":"https:\/\/www.messinaoggi.it\/website\/wp-json\/wp\/v2\/posts\/176013"}],"collection":[{"href":"https:\/\/www.messinaoggi.it\/website\/wp-json\/wp\/v2\/posts"}],"about":[{"href":"https:\/\/www.messinaoggi.it\/website\/wp-json\/wp\/v2\/types\/post"}],"author":[{"embeddable":true,"href":"https:\/\/www.messinaoggi.it\/website\/wp-json\/wp\/v2\/users\/15"}],"replies":[{"embeddable":true,"href":"https:\/\/www.messinaoggi.it\/website\/wp-json\/wp\/v2\/comments?post=176013"}],"version-history":[{"count":2,"href":"https:\/\/www.messinaoggi.it\/website\/wp-json\/wp\/v2\/posts\/176013\/revisions"}],"predecessor-version":[{"id":176017,"href":"https:\/\/www.messinaoggi.it\/website\/wp-json\/wp\/v2\/posts\/176013\/revisions\/176017"}],"wp:featuredmedia":[{"embeddable":true,"href":"https:\/\/www.messinaoggi.it\/website\/wp-json\/wp\/v2\/media\/176015"}],"wp:attachment":[{"href":"https:\/\/www.messinaoggi.it\/website\/wp-json\/wp\/v2\/media?parent=176013"}],"wp:term":[{"taxonomy":"category","embeddable":true,"href":"https:\/\/www.messinaoggi.it\/website\/wp-json\/wp\/v2\/categories?post=176013"},{"taxonomy":"post_tag","embeddable":true,"href":"https:\/\/www.messinaoggi.it\/website\/wp-json\/wp\/v2\/tags?post=176013"}],"curies":[{"name":"wp","href":"https:\/\/api.w.org\/{rel}","templated":true}]}}