{"id":175763,"date":"2023-11-07T16:28:01","date_gmt":"2023-11-07T15:28:01","guid":{"rendered":"http:\/\/www.messinaoggi.it\/website\/?p=175763"},"modified":"2023-11-07T16:28:02","modified_gmt":"2023-11-07T15:28:02","slug":"la-vardera-alfano-dimenticato-dalle-istituzioni-locali","status":"publish","type":"post","link":"https:\/\/www.messinaoggi.it\/website\/2023\/11\/07\/la-vardera-alfano-dimenticato-dalle-istituzioni-locali\/","title":{"rendered":"La Vardera: &#8220;Alfano dimenticato dalle istituzioni locali&#8221;"},"content":{"rendered":"\n<p>&#8220;Durante la diretta al cimitero l\u2019assessore alla Cultura, ha deciso di non nominare Beppe Alfano come vittima illustre&#8221;: lo dichiara Ismaele La Vardera. &#8220;Non posso che essere con la famiglia quando dice di voler spostare la salma. Beppe, grande giornalista del passato, \u00e8 stato ucciso dalla mafia e non si pu\u00f2 dimenticare. Chiedo, da vicepresidente della commissione Antimafia all\u2019Ars, che il sindaco Calabr\u00f2 intervenga immediatamente e che faccia le sue scuse alla famiglia. Necessario un gesto pubblico riparatorio per colmare un\u2019incomprensibile dimenticanza. Vorrei ricordare al primo cittadino, che qualunque cosa faccia la sua giunta, anche lui ne \u00e8 responsabile. Voglio sperare che si sia trattato solo di una clamorosa gaffe e invito Calabr\u00f2 a portare un fiore sulla tomba di Beppe Alfano, assieme alla famiglia. Forse solo cos\u00ec si potr\u00e0 evitare che il corpo venga spostato, come giustamente hanno richiesto i familiari\u201d.<br><div id=\"div-gpt-ad-Messinaoggi.it-DSK-300x250-corpoart\" style=\"text-align:center;margin:0 auto;\"><\/div><\/p>\n<div id=\"videoincontent\" style=\"clear:both\";><\/div>","protected":false},"excerpt":{"rendered":"<p>&#8220;Durante la diretta al cimitero l\u2019assessore alla Cultura, ha deciso di non nominare Beppe Alfano come vittima illustre&#8221;: lo dichiara Ismaele La Vardera. &#8220;Non posso che essere con la famiglia quando dice di voler spostare la salma. Beppe, grande giornalista del passato, \u00e8 stato ucciso dalla mafia e non si pu\u00f2 dimenticare. Chiedo, da vicepresidente [&hellip;]<\/p>\n","protected":false},"author":4,"featured_media":14039,"comment_status":"open","ping_status":"open","sticky":false,"template":"","format":"standard","meta":{"ub_ctt_via":"","_mi_skip_tracking":false},"categories":[13,14],"tags":[6280,9005],"featured_image_src":"https:\/\/www.messinaoggi.it\/website\/wp-content\/uploads\/2018\/01\/beppe-alfano-1.jpg","author_info":{"display_name":"redme","author_link":"https:\/\/www.messinaoggi.it\/website\/author\/redme\/"},"digistream_id":0,"digistream":false,"_links":{"self":[{"href":"https:\/\/www.messinaoggi.it\/website\/wp-json\/wp\/v2\/posts\/175763"}],"collection":[{"href":"https:\/\/www.messinaoggi.it\/website\/wp-json\/wp\/v2\/posts"}],"about":[{"href":"https:\/\/www.messinaoggi.it\/website\/wp-json\/wp\/v2\/types\/post"}],"author":[{"embeddable":true,"href":"https:\/\/www.messinaoggi.it\/website\/wp-json\/wp\/v2\/users\/4"}],"replies":[{"embeddable":true,"href":"https:\/\/www.messinaoggi.it\/website\/wp-json\/wp\/v2\/comments?post=175763"}],"version-history":[{"count":1,"href":"https:\/\/www.messinaoggi.it\/website\/wp-json\/wp\/v2\/posts\/175763\/revisions"}],"predecessor-version":[{"id":175764,"href":"https:\/\/www.messinaoggi.it\/website\/wp-json\/wp\/v2\/posts\/175763\/revisions\/175764"}],"wp:featuredmedia":[{"embeddable":true,"href":"https:\/\/www.messinaoggi.it\/website\/wp-json\/wp\/v2\/media\/14039"}],"wp:attachment":[{"href":"https:\/\/www.messinaoggi.it\/website\/wp-json\/wp\/v2\/media?parent=175763"}],"wp:term":[{"taxonomy":"category","embeddable":true,"href":"https:\/\/www.messinaoggi.it\/website\/wp-json\/wp\/v2\/categories?post=175763"},{"taxonomy":"post_tag","embeddable":true,"href":"https:\/\/www.messinaoggi.it\/website\/wp-json\/wp\/v2\/tags?post=175763"}],"curies":[{"name":"wp","href":"https:\/\/api.w.org\/{rel}","templated":true}]}}