{"id":17572,"date":"2018-03-29T15:52:28","date_gmt":"2018-03-29T13:52:28","guid":{"rendered":"http:\/\/www.messinaoggi.it\/website\/?p=17572"},"modified":"2018-03-29T15:52:28","modified_gmt":"2018-03-29T13:52:28","slug":"galati-marina-tre-progetti-per-fermare-lerosione-della-costa","status":"publish","type":"post","link":"https:\/\/www.messinaoggi.it\/website\/2018\/03\/29\/galati-marina-tre-progetti-per-fermare-lerosione-della-costa\/","title":{"rendered":"Galati Marina, tre progetti per fermare l&#039;erosione della costa"},"content":{"rendered":"<p style=\"text-align: justify\">Due progetti per soluzioni provvisorie, un altro per risolvere definitivamente il problema dell\u2019erosione della costa di Galati. L\u2019argomento \u00e8 approdato questa mattina tra i banchi della commissione Lavori Pubblici, presieduta da Carlo Cantali, che pochi giorni fa in un\u2019interrogazione aveva sollevato il problema. Il mare continua\u00a0 far paura, perch\u00e9 con il passare dei mesi la spiaggia si \u00e8 notevolmente ridotta e con essa anche la distanza dalle case, ma un piano di interventi \u00e8 gi\u00e0 stato stabilito.<div id=\"div-gpt-ad-Messinaoggi.it-DSK-300x250-corpoart\" style=\"text-align:center;margin:0 auto;\"><\/div><\/p>\n<p style=\"text-align: justify\">A spiegarli in commissione, questa mattina ci ha pensato l\u2019ingegnere Armando Mellini: \u201c<em>Un progetto \u00e8 gi\u00e0 stato affidato, alcuni interventi si stanno eseguendo, il secondo necessita del parere dell\u2019ARTA, il terzo \u00e8 in fase di progettazione definitiva e ci consentir\u00e0 di risolvere definitivamente il problema della costa di Galati Marina. Un intervento \u00e8 gi\u00e0 operativo, tutto quello che concerne l\u2019aspetto di Protezione Civile non \u00e8 di mia competenza. I progetti sono gi\u00e0 stati approvati in Conferenza dei Servizi, \u00e8 stato rispettato l\u2019iter previsto dalla legge\u201d.<\/em><div id=\"videoincontent\" style=\"clear:both\";><\/div><\/p>\n<p style=\"text-align: justify\">Sui tempi e sulla tipologia degli interventi, Mellini annuncia: <em>\u201cIl secondo progetto sar\u00e0 cantierabile prima dell\u2019estate per poi far partire i lavori a settembre. Adesso stiamo facendo delle scogliere radenti a\u00a0 protezione dell\u2019abitato, stiamo utilizzato gli stessi materiali con cui \u00e8 stata fatta la scogliera precedente\u201d.<\/em><\/p>\n<p style=\"text-align: justify\">Purtroppo non si pu\u00f2 tornare indietro, i danni provocati dalle mareggiate di questi ultimi anni hanno stravolto il paesaggio di Galati Marina. Addio agli alberi e al campo di calcio, ma l\u2019unica cosa che si pu\u00f2 fare adesso \u00e8 intervenire in modo netto e deciso: <em>\u201cDa ottobre, data in cui mi sono insediato dopo la nomina del commissario per l\u2019emergenza idrogeologica, fino ad ora abbiamo avuto dei ritmi di lavoro notevoli, purtroppo tutto quello che riguarda il passato mi pu\u00f2 interessare in chiave lavorativa, visti gli interventi che si dovranno fare, ma nulla di pi\u00f9\u201d.<\/em><\/p>\n","protected":false},"excerpt":{"rendered":"<p>Due progetti per soluzioni provvisorie, un altro per risolvere definitivamente il problema dell\u2019erosione della costa di Galati. L\u2019argomento \u00e8 approdato questa mattina tra i banchi della commissione Lavori Pubblici, presieduta da Carlo Cantali, che pochi giorni fa in un\u2019interrogazione aveva sollevato il problema. Il mare continua\u00a0 far paura, perch\u00e9 con il passare dei mesi la [&hellip;]<\/p>\n","protected":false},"author":14,"featured_media":14661,"comment_status":"closed","ping_status":"open","sticky":false,"template":"","format":"standard","meta":{"ub_ctt_via":"","_mi_skip_tracking":false},"categories":[6],"tags":[],"featured_image_src":"https:\/\/www.messinaoggi.it\/website\/wp-content\/uploads\/2018\/01\/consiglio-comunale-su-isola-vi-RRP_1283-1.jpg","author_info":{"display_name":"Antonio Macauda","author_link":"https:\/\/www.messinaoggi.it\/website\/author\/a-macauda\/"},"digistream_id":0,"digistream":false,"_links":{"self":[{"href":"https:\/\/www.messinaoggi.it\/website\/wp-json\/wp\/v2\/posts\/17572"}],"collection":[{"href":"https:\/\/www.messinaoggi.it\/website\/wp-json\/wp\/v2\/posts"}],"about":[{"href":"https:\/\/www.messinaoggi.it\/website\/wp-json\/wp\/v2\/types\/post"}],"author":[{"embeddable":true,"href":"https:\/\/www.messinaoggi.it\/website\/wp-json\/wp\/v2\/users\/14"}],"replies":[{"embeddable":true,"href":"https:\/\/www.messinaoggi.it\/website\/wp-json\/wp\/v2\/comments?post=17572"}],"version-history":[{"count":0,"href":"https:\/\/www.messinaoggi.it\/website\/wp-json\/wp\/v2\/posts\/17572\/revisions"}],"wp:featuredmedia":[{"embeddable":true,"href":"https:\/\/www.messinaoggi.it\/website\/wp-json\/wp\/v2\/media\/14661"}],"wp:attachment":[{"href":"https:\/\/www.messinaoggi.it\/website\/wp-json\/wp\/v2\/media?parent=17572"}],"wp:term":[{"taxonomy":"category","embeddable":true,"href":"https:\/\/www.messinaoggi.it\/website\/wp-json\/wp\/v2\/categories?post=17572"},{"taxonomy":"post_tag","embeddable":true,"href":"https:\/\/www.messinaoggi.it\/website\/wp-json\/wp\/v2\/tags?post=17572"}],"curies":[{"name":"wp","href":"https:\/\/api.w.org\/{rel}","templated":true}]}}