{"id":17571,"date":"2018-03-29T15:02:58","date_gmt":"2018-03-29T13:02:58","guid":{"rendered":"http:\/\/www.messinaoggi.it\/website\/?p=17571"},"modified":"2018-03-29T15:02:58","modified_gmt":"2018-03-29T13:02:58","slug":"ganzirri-e-capo-peloro-lo-smaltimento-delle-acque-piovane-non-saranno-piu-un-problema","status":"publish","type":"post","link":"https:\/\/www.messinaoggi.it\/website\/2018\/03\/29\/ganzirri-e-capo-peloro-lo-smaltimento-delle-acque-piovane-non-saranno-piu-un-problema\/","title":{"rendered":"Ganzirri e Capo Peloro, lo smaltimento delle acque piovane non sar\u00e0 pi\u00f9 un problema"},"content":{"rendered":"<div class=\"comunicato-testo\">\n<div class=\"pf-content\" style=\"text-align: justify;\"><em>\u201cA seguito del lavoro svolto nei mesi scorsi tra la Citt\u00e0 Metropolitana e l\u2019Amministrazione Comunale \u2013 si legge in una nota trasmessa <a class=\"matchTooltip\">oggi<\/a> dall\u2019assessore ai Lavori Pubblici, Sergio De Cola \u2013 \u00e8 stato finalmente avviato a soluzione l\u2019annoso problema relativo alla raccolta e allo smaltimento delle acque meteoriche dei villaggi di Ganzirri e Torre Faro nelle strade intorno ai laghi che ricadono in zona A della Riserva Naturale Orientata \u201cLaguna di Capo Peloro\u201d<\/em>.<\/div>\n<div><\/div>\n<div class=\"pf-content\" style=\"text-align: justify;\">Come purtroppo \u00e8 noto in occasione di piogge anche non particolarmente intense, un forte disagio per la viabilit\u00e0 deriva dalla formazione di grandi pozze d\u2019acqua per assenza di un adeguato sistema di smaltimento delle acque. Lasciando a chi ha interesse politico\/storico l\u2019analisi delle cause che hanno portato alla situazione attuale che risalgono a circa dieci anni fa, \u00e8 possibile, grazie al lavoro svolto in sinergia tra le Amministrazioni, guardare pi\u00f9 serenamente al futuro\u201d. Infatti, a seguito di costruttivi incontri e valutazioni, nell\u2019ultima riunione tenutasi a febbraio a cui erano presenti il dirigente Armando Cappadonia,\u00a0 Francesco Roccaforte, l&#8217;architetto Roberto Siracusano, la direttrice dell\u2019area protetta\u00a0 Maria Letizia Molino e il\u00a0 Cosimo Cammaroto, per la Citt\u00e0 Metropolitana; l\u2019assessore Sergio De Cola, l\u2019ingegner Antonio Amato, dirigente del dipartimento LLPP, per il Comune di Messina e il presidente della VI Circoscrizione, Orazio Lagan\u00e0; si \u00e8 individuata la possibilit\u00e0 di utilizzare la prossima rimodulazione dei fondi del Masterplan per realizzare un adeguato sistema di raccolta e smaltimento delle acque meteoriche che rispetti le indicazioni del Decreto Legislativo 152\/06 \u201cTesto unico per l\u2019Ambiente\u201d e del Decreto Istitutivo n.437\/44 dell\u2019area protetta e che risolva definitivamente il problema.<\/div>\n<div><\/div>\n<div class=\"pf-content\" style=\"text-align: justify;\">\u201c<em>L\u2019ipotesi di lavoro concordata \u00e8 quella di realizzare un anello collettore di raccolta di tutte le acque piovane che poi andranno disperse con pozzi drenanti evitando costose stazioni di sollevamento. Il dipartimento Lavori Pubblici del Comune di Messina, che a febbraio aveva dato la propria disponibilit\u00e0 alla redazione del progetto, facendo seguito a quanto concordato ha avviato la progettazione che <a class=\"matchTooltip\">oggi<\/a> \u00e8 quasi conclusa. Ancora una volta \u2013 conclude De Cola \u2013 la collaborazione e il confronto tra Amministrazioni hanno dimostrato di essere il miglior metodo di lavoro per la risoluzione dei problemi del nostro Territorio\u201d.<\/em><\/div>\n<\/div>\n<div class=\"pdf-comunicato\">\n<div class=\"dkpdf-button-container\"><em>\u00a0<\/em><\/div>\n<\/div>\n<p> <div id=\"div-gpt-ad-Messinaoggi.it-DSK-300x250-corpoart\" style=\"text-align:center;margin:0 auto;\"><\/div><\/p>\n<div id=\"videoincontent\" style=\"clear:both\";><\/div>","protected":false},"excerpt":{"rendered":"<p>\u201cA seguito del lavoro svolto nei mesi scorsi tra la Citt\u00e0 Metropolitana e l\u2019Amministrazione Comunale \u2013 si legge in una nota trasmessa oggi dall\u2019assessore ai Lavori Pubblici, Sergio De Cola \u2013 \u00e8 stato finalmente avviato a soluzione l\u2019annoso problema relativo alla raccolta e allo smaltimento delle acque meteoriche dei villaggi di Ganzirri e Torre Faro [&hellip;]<\/p>\n","protected":false},"author":2,"featured_media":2272,"comment_status":"closed","ping_status":"open","sticky":false,"template":"","format":"standard","meta":{"ub_ctt_via":"","_mi_skip_tracking":false},"categories":[6],"tags":[],"featured_image_src":"https:\/\/www.messinaoggi.it\/website\/wp-content\/uploads\/2017\/06\/sergio-de-cola-1-messinaoggi-2.jpg","author_info":{"display_name":"Redazione","author_link":"https:\/\/www.messinaoggi.it\/website\/author\/redazione\/"},"digistream_id":0,"digistream":false,"_links":{"self":[{"href":"https:\/\/www.messinaoggi.it\/website\/wp-json\/wp\/v2\/posts\/17571"}],"collection":[{"href":"https:\/\/www.messinaoggi.it\/website\/wp-json\/wp\/v2\/posts"}],"about":[{"href":"https:\/\/www.messinaoggi.it\/website\/wp-json\/wp\/v2\/types\/post"}],"author":[{"embeddable":true,"href":"https:\/\/www.messinaoggi.it\/website\/wp-json\/wp\/v2\/users\/2"}],"replies":[{"embeddable":true,"href":"https:\/\/www.messinaoggi.it\/website\/wp-json\/wp\/v2\/comments?post=17571"}],"version-history":[{"count":0,"href":"https:\/\/www.messinaoggi.it\/website\/wp-json\/wp\/v2\/posts\/17571\/revisions"}],"wp:featuredmedia":[{"embeddable":true,"href":"https:\/\/www.messinaoggi.it\/website\/wp-json\/wp\/v2\/media\/2272"}],"wp:attachment":[{"href":"https:\/\/www.messinaoggi.it\/website\/wp-json\/wp\/v2\/media?parent=17571"}],"wp:term":[{"taxonomy":"category","embeddable":true,"href":"https:\/\/www.messinaoggi.it\/website\/wp-json\/wp\/v2\/categories?post=17571"},{"taxonomy":"post_tag","embeddable":true,"href":"https:\/\/www.messinaoggi.it\/website\/wp-json\/wp\/v2\/tags?post=17571"}],"curies":[{"name":"wp","href":"https:\/\/api.w.org\/{rel}","templated":true}]}}