{"id":175701,"date":"2023-11-07T13:24:57","date_gmt":"2023-11-07T12:24:57","guid":{"rendered":"http:\/\/www.messinaoggi.it\/website\/?p=175701"},"modified":"2023-11-07T13:25:01","modified_gmt":"2023-11-07T12:25:01","slug":"dimensionamento-scolastico-cgil-messina-rischia-di-perdere-scuole","status":"publish","type":"post","link":"https:\/\/www.messinaoggi.it\/website\/2023\/11\/07\/dimensionamento-scolastico-cgil-messina-rischia-di-perdere-scuole\/","title":{"rendered":"Dimensionamento scolastico, Cgil: &#8220;Messina rischia di perdere scuole&#8221;"},"content":{"rendered":"\n<p>La Flc-Cgil Messina interviene sulla questione del dimensionamento scolastico nel territorio nazionale e si dice &#8220;contraria a qualsiasi azione che riduca il numero di autonomie scolastiche sul nostro territorio\u201d. A dichiararlo \u00e8 la segretaria generale della Flc-Cgil Messina, <strong>Patrizia Donato<\/strong>, intervenuta alla conferenza territoriale sul dimensionamento scolastico che si \u00e8 svolta ieri.<div id=\"div-gpt-ad-Messinaoggi.it-DSK-300x250-corpoart\" style=\"text-align:center;margin:0 auto;\"><\/div><\/p>\n\n\n\n<p>\u201cSi tratta di operazioni che vanno in un\u2019unica direzione \u2013 ha detto la segretaria della Flc &#8211; quella di danneggiare e di depotenziare la scuola pubblica in termini di risorse finanziarie e professionali\u201d.<div id=\"videoincontent\" style=\"clear:both\";><\/div><\/p>\n\n\n\n<p>&#8220;Elevando a 900 il numero minimo di alunni per mantenere in vita un istituto \u2013 fa presente il sindacato scuola della Cgil &#8211;\u00a0 in Italia si passer\u00e0 da 8007 istituzioni scolastiche a 7309, con un taglio di ben 698 scuole corrispondenti al 10% a livello nazionale. Ma questo 10%, non peser\u00e0 allo stesso modo per tutti, al Sud si pagher\u00e0 un prezzo pi\u00f9 alto. Regioni come la Basilicata e la Calabria si ritroveranno una scuola in meno ogni quattro. La Sicilia perder\u00e0 92 istituti e la provincia di Messina il prossimo anno segner\u00e0 un meno 11 sulla tabella delle istituzioni scolastiche&#8221;. <\/p>\n\n\n\n<p>\u201cUn sacrificio troppo alto per la nostra citt\u00e0\u201d, afferma Patrizia Donato che evidenzia come \u201cquesta operazione non ha nessuna logica se non quella del risparmio perch\u00e9 non tiene conto della complessit\u00e0 territoriale della nostra provincia, ma soprattutto sembra procedere in direzione opposta alla necessit\u00e0 di preservare i presidi scolastici in una realt\u00e0 difficile come sono le citt\u00e0 metropolitane\u201d. <\/p>\n\n\n\n<p>\u201c\u00c8 di pochi giorni fa il report di Save the Children \u201cFare spazio alla crescita\u201d \u2013 prosegue Donato &#8211; che inserisce Messina tra le aree svantaggiate con sacche di degrado territoriale dove, a farne le spese sono i pi\u00f9 giovani che vivono questo svantaggio economico spesso accoppiato a fenomeni di povert\u00e0 educativa e di dispersione scolastica\u201d.<\/p>\n\n\n\n<p>&#8220;E proprio i luoghi pi\u00f9 svantaggiati sono chiamati a pagare il prezzo pi\u00f9 alto, invece di potenziarli riduciamo i presidi scolastici, alimentando ancor di pi\u00f9 le gi\u00e0 evidenti disparit\u00e0.\u00a0Queste profonde disuguaglianze rischiano di compromettere irrimediabilmente il futuro di chi cresce privato del sacrosanto diritto ad avere diritti&#8221; \u00e8 la denuncia della Flc Messina.<\/p>\n\n\n\n<p>\u201cHo chiesto ai sindaci intervenuti alla conferenza provinciale \u2013 dice la segretaria generale della Flc &#8211; come mai non si sia sollevata una protesta da parte delle amministrazioni locali, una chiara presa di posizione contro un governo regionale che si \u00e8 limitato ad essere mero esecutore di un provvedimento legislativo che parla a tutti i livelli un linguaggio contrario alla rinascita del meridione. Il sindacato non pu\u00f2 essere chiamato ad operare delle scelte tra le scuole da mantenere e quelle da cancellare, il nostro ruolo, afferma la sindacalista \u00e8 quello di lottare per il rafforzamento della scuola pubblica e per la salvaguardia delle autonomie scolastiche. Il nosto no al ad ogni forma di accorpamento e dimensionamento \u00e8 un no concreto che parla a tutto il Paese, non solo alle singole province. La Flc-Cgil nazionale, il 26 settembre ha impugnato davanti al tar del Lazio il regolamento attuativo delle disposizioni sul dimensionamento, fissando cos\u00ec la sua netta contrariet\u00e0 a qualsiasi forma di riduzione dei presidi scolastici. La risposta del tribunale amministrativo del Lazio \u00e8 attesa per il 7 novembre. Mentre altre regioni, come Campania, che ha avuto gi\u00e0 l\u2019accoglimento, Emilia Romagna e Puglia hanno impugnato il provvedimento, in Sicilia il presidente Schifani sembra non accorgersi che la nostra Regione, pur essendo la prima in Italia per povert\u00e0 educativa e dispersione scolastica, sar\u00e0 anche una delle pi\u00f9 colpite dai tagli del governo nazionale sulla scuola\u201d.<\/p>\n","protected":false},"excerpt":{"rendered":"<p>La Flc-Cgil Messina interviene sulla questione del dimensionamento scolastico nel territorio nazionale e si dice &#8220;contraria a qualsiasi azione che riduca il numero di autonomie scolastiche sul nostro territorio\u201d. A dichiararlo \u00e8 la segretaria generale della Flc-Cgil Messina, Patrizia Donato, intervenuta alla conferenza territoriale sul dimensionamento scolastico che si \u00e8 svolta ieri. \u201cSi tratta di [&hellip;]<\/p>\n","protected":false},"author":15,"featured_media":93616,"comment_status":"open","ping_status":"open","sticky":false,"template":"","format":"standard","meta":{"ub_ctt_via":"","_mi_skip_tracking":false},"categories":[6],"tags":[2002,9004,590,586,1145],"featured_image_src":"https:\/\/www.messinaoggi.it\/website\/wp-content\/uploads\/2022\/01\/20220114_0283.jpg","author_info":{"display_name":"red.me","author_link":"https:\/\/www.messinaoggi.it\/website\/author\/red-me\/"},"digistream_id":0,"digistream":false,"_links":{"self":[{"href":"https:\/\/www.messinaoggi.it\/website\/wp-json\/wp\/v2\/posts\/175701"}],"collection":[{"href":"https:\/\/www.messinaoggi.it\/website\/wp-json\/wp\/v2\/posts"}],"about":[{"href":"https:\/\/www.messinaoggi.it\/website\/wp-json\/wp\/v2\/types\/post"}],"author":[{"embeddable":true,"href":"https:\/\/www.messinaoggi.it\/website\/wp-json\/wp\/v2\/users\/15"}],"replies":[{"embeddable":true,"href":"https:\/\/www.messinaoggi.it\/website\/wp-json\/wp\/v2\/comments?post=175701"}],"version-history":[{"count":1,"href":"https:\/\/www.messinaoggi.it\/website\/wp-json\/wp\/v2\/posts\/175701\/revisions"}],"predecessor-version":[{"id":175718,"href":"https:\/\/www.messinaoggi.it\/website\/wp-json\/wp\/v2\/posts\/175701\/revisions\/175718"}],"wp:featuredmedia":[{"embeddable":true,"href":"https:\/\/www.messinaoggi.it\/website\/wp-json\/wp\/v2\/media\/93616"}],"wp:attachment":[{"href":"https:\/\/www.messinaoggi.it\/website\/wp-json\/wp\/v2\/media?parent=175701"}],"wp:term":[{"taxonomy":"category","embeddable":true,"href":"https:\/\/www.messinaoggi.it\/website\/wp-json\/wp\/v2\/categories?post=175701"},{"taxonomy":"post_tag","embeddable":true,"href":"https:\/\/www.messinaoggi.it\/website\/wp-json\/wp\/v2\/tags?post=175701"}],"curies":[{"name":"wp","href":"https:\/\/api.w.org\/{rel}","templated":true}]}}