{"id":175676,"date":"2023-11-07T11:40:45","date_gmt":"2023-11-07T10:40:45","guid":{"rendered":"http:\/\/www.messinaoggi.it\/website\/?p=175676"},"modified":"2023-11-07T16:44:28","modified_gmt":"2023-11-07T15:44:28","slug":"giornalista-di-repubblica-portato-in-questura-arriva-la-solidarieta","status":"publish","type":"post","link":"https:\/\/www.messinaoggi.it\/website\/2023\/11\/07\/giornalista-di-repubblica-portato-in-questura-arriva-la-solidarieta\/","title":{"rendered":"Giornalista di Repubblica portato in questura, arriva la solidariet\u00e0"},"content":{"rendered":"\n<p>Come denunciato anche dagli attivisti di <strong>Ultima generazione<\/strong> che ieri <a href=\"https:\/\/www.messinaoggi.it\/website\/2023\/11\/06\/ambientalisti-bloccano-il-traffico-al-porto-chiedono-un-fondo-per-i-danni-del-clima\/\" data-type=\"URL\" data-id=\"https:\/\/www.messinaoggi.it\/website\/2023\/11\/06\/ambientalisti-bloccano-il-traffico-al-porto-chiedono-un-fondo-per-i-danni-del-clima\/\">hanno manifestato a Messina per chiedere un fondo di riparazione per i danni degli eventi climatici estremi (qui la notizia), <\/a>durante il sit in, oltre agli ambientalisti, anche il giornalista di Repubblica <strong>Fabrizio Bert\u00e9<\/strong> \u00e8 stato portato in questura per essere interrogato. Arrivano cos\u00ec le note di solidariet\u00e0 del sindacato Figec e di Assostampa nei confronti del giornalista.<div id=\"div-gpt-ad-Messinaoggi.it-DSK-300x250-corpoart\" style=\"text-align:center;margin:0 auto;\"><\/div><\/p>\n\n\n\n<p>&#8220;La Figec di Messina esprime piena solidariet\u00e0 al collega di Repubblica, Fabrizio Bert\u0117, perquisito e trattenuto dalla Digos negli uffici della questura, &#8220;reo&#8221; di svolgere appieno il diritto-dovere di cronaca cui ogni giornalista \u00e8 chiamato a rispondere nell&#8217;ambito di una professione sottoposta, mai come ora, a continue intimidazioni tese a mettere il guinzaglio all&#8217;informazione.Il giornalista, infatti, stava parlando con un attivista di &#8220;Ultima generazione&#8221; per documentare la manifestazione di protesta che si sarebbe svolta da li a breve, quando \u00e8 stato fermato dagli agenti a cui non \u00e8 bastata la consegna dei documenti di identit\u00e0, compreso il tesserino di iscrizione all&#8217;Ordine dei giornalisti e nemmeno la disponibilit\u00e0 a fare perquisire lo zaino.Figec, nel ribadire pieno rispetto del lavoro delle Forze dell&#8217;Ordine, chiede uguale rispetto per il lavoro di chi fa giornalismo in maniera corretta al servizio dei cittadini&#8221;.<div id=\"videoincontent\" style=\"clear:both\";><\/div><\/p>\n\n\n\n<p>&#8220;Stamane &#8211; ndr ieri mattina &#8211; a Messina agenti della Digos hanno impedito l\u2019esercizio del diritto di cronaca al giornalista Fabrizio Bert\u00e8 del quotidiano La Repubblica. Il cronista si stava recando in via Giuseppe Garibaldi, all\u2019altezza di via Loggia dei Mercanti, dove era prevista, alle 10,45, una manifestazione di protesta di aderenti alla campagna \u201cFondo riparazione\u201d, promossa da Ultima generazione. Il giornalista \u00e8 stato fermato in largo Seggiola, mentre era insieme ad uno degli aderenti all\u2019iniziativa di protesta nonviolenta, e portato in Questura. Bert\u00e8 \u00e8 stato sottoposto a perquisizione. E\u2019 stato rilasciato dopo due ore. Il giornalista ha pi\u00f9 volte sottolineato che il fermo non gli permetteva di esercitare il diritto di cronaca. L\u2019Associazione siciliana della stampa, nell\u2019esprimere la piena solidariet\u00e0 al collega, chiede che sia fatta piena luce su questo episodio che sembra configurarsi come un impedimento all\u2019attivit\u00e0 giornalistica garantita dalla Costituzione&#8221;.<\/p>\n\n\n\n<p>Sul profilo Facebook del giornalista sono arrivati diversi messaggi di solidariet\u00e0 da cittadini messinesi e colleghi. <\/p>\n\n\n\n<p>C&#8217;\u00e8 anche l\u2019Ordine dei giornalisti Sicilia ad esprimere &#8220;solidariet\u00e0 al collega Fabrizio Bert\u00e8, fermato e perquisito oggi &#8211; ndr ieri &#8211; dalla Digos, quindi trattenuto in Questura e rilasciato dopo circa due ore. L\u2019accaduto mentre il giornalista del quotidiano la Repubblica Palermo stava recandosi in via Garibaldi, a Messina, per documentare una manifestazione di protesta di aderenti alla campagna \u201cFondo riparazione\u201d promossa dal movimento Ultima generazione. Il giornalista, mentre stava parlando con uno degli aderenti all\u2019iniziativa, \u00e8 stato portato in Questura, sottoposto a perquisizione e rilasciato dopo un paio d\u2019ore. La sequenza dei fatti ha materialmente impedito a Fabrizio Bert\u00e8 di svolgere il suo lavoro. Un episodio su cui l\u2019Odg Sicilia chiede sia fatta luce, ribadendo ancora una volta che il diritto di cronaca \u00e8 sancito dall\u2019articolo 21 della Costituzione\u201d.<\/p>\n\n\n\n<p>Oggi arriva persino l&#8217;intervento politico del deputato di Alleanza Verdi Sinistra, nonch\u00e9 segretario di Sinistra Italiana, <strong>Nicola Fratoianni<\/strong> che afferma:<\/p>\n\n\n\n<p>&#8220;Trovo francamente incredibile quanto accaduto ieri a Messina dove un giornalista di \u201cRepubblica\u201d \u00e8 stato fermato e trattenuto per alcune ore in Questura, impedendogli di seguire una manifestazione ambientalista&#8221;. <\/p>\n\n\n\n<p>&#8220;Vorremmo ricordare &#8211; aggiunge &#8211; che siamo in uno Stato democratico e il ruolo dell&#8217;informazione \u00e8 assolutamente prezioso e da tutelare. Se qualcuno pensa, con azioni intimidatorie o pretestuose di compiacere chi attualmente \u00e8 al governo si sbaglia di grosso&#8221;.<\/p>\n\n\n\n<p>&#8220;Chiederemo con un interrogazione parlamentare al ministro dell&#8217;Interno &#8211; conclude il leader di SI &#8211; di chiarire la vicenda e ci aspettiamo che il questore di Messina chieda scusa al giornalista e siano presi i provvedimenti necessari sia nei confronti degli autori dell&#8217;azione di ieri sia per evitare che in futuro si ripetano&#8221;.<\/p>\n\n\n\n<p><strong>Michele Bruno.<\/strong><\/p>\n","protected":false},"excerpt":{"rendered":"<p>Come denunciato anche dagli attivisti di Ultima generazione che ieri hanno manifestato a Messina per chiedere un fondo di riparazione per i danni degli eventi climatici estremi (qui la notizia), durante il sit in, oltre agli ambientalisti, anche il giornalista di Repubblica Fabrizio Bert\u00e9 \u00e8 stato portato in questura per essere interrogato. Arrivano cos\u00ec le [&hellip;]<\/p>\n","protected":false},"author":123457,"featured_media":175679,"comment_status":"open","ping_status":"open","sticky":false,"template":"","format":"standard","meta":{"ub_ctt_via":"","_mi_skip_tracking":false},"categories":[19],"tags":[9007,5061,9000,6956,9001,9002,9006,6585,4067],"featured_image_src":"https:\/\/www.messinaoggi.it\/website\/wp-content\/uploads\/2023\/11\/19554854_10215959633653321_7605556845601399788_n-e1699353735154.jpg","author_info":{"display_name":"Michele Bruno","author_link":"https:\/\/www.messinaoggi.it\/website\/author\/michele-bruno\/"},"digistream_id":0,"digistream":false,"_links":{"self":[{"href":"https:\/\/www.messinaoggi.it\/website\/wp-json\/wp\/v2\/posts\/175676"}],"collection":[{"href":"https:\/\/www.messinaoggi.it\/website\/wp-json\/wp\/v2\/posts"}],"about":[{"href":"https:\/\/www.messinaoggi.it\/website\/wp-json\/wp\/v2\/types\/post"}],"author":[{"embeddable":true,"href":"https:\/\/www.messinaoggi.it\/website\/wp-json\/wp\/v2\/users\/123457"}],"replies":[{"embeddable":true,"href":"https:\/\/www.messinaoggi.it\/website\/wp-json\/wp\/v2\/comments?post=175676"}],"version-history":[{"count":4,"href":"https:\/\/www.messinaoggi.it\/website\/wp-json\/wp\/v2\/posts\/175676\/revisions"}],"predecessor-version":[{"id":175766,"href":"https:\/\/www.messinaoggi.it\/website\/wp-json\/wp\/v2\/posts\/175676\/revisions\/175766"}],"wp:featuredmedia":[{"embeddable":true,"href":"https:\/\/www.messinaoggi.it\/website\/wp-json\/wp\/v2\/media\/175679"}],"wp:attachment":[{"href":"https:\/\/www.messinaoggi.it\/website\/wp-json\/wp\/v2\/media?parent=175676"}],"wp:term":[{"taxonomy":"category","embeddable":true,"href":"https:\/\/www.messinaoggi.it\/website\/wp-json\/wp\/v2\/categories?post=175676"},{"taxonomy":"post_tag","embeddable":true,"href":"https:\/\/www.messinaoggi.it\/website\/wp-json\/wp\/v2\/tags?post=175676"}],"curies":[{"name":"wp","href":"https:\/\/api.w.org\/{rel}","templated":true}]}}