{"id":175660,"date":"2023-11-07T11:25:06","date_gmt":"2023-11-07T10:25:06","guid":{"rendered":"http:\/\/www.messinaoggi.it\/website\/?p=175660"},"modified":"2023-11-07T09:09:05","modified_gmt":"2023-11-07T08:09:05","slug":"barcellona-la-giunta-approva-il-dissesto","status":"publish","type":"post","link":"https:\/\/www.messinaoggi.it\/website\/2023\/11\/07\/barcellona-la-giunta-approva-il-dissesto\/","title":{"rendered":"Barcellona, la Giunta approva il dissesto"},"content":{"rendered":"\n<p>A conclusione di un percorso di chiarezza e trasparenza dei conti del Comune, iniziato lo scorso mese di febbraio, approfondito anche con il supporto degli organi del Ministero, la giunta Calabr\u00f2, con grande senso di responsabilit\u00e0 nei confronti della citt\u00e0, ha approvato il provvedimento relativo alla procedura di dissesto, misura questa obbligata e resa necessaria dalla gravit\u00e0 della situazione finanziaria pregressa. Una decisione quindi presa non a cuor leggero, ma con la consapevolezza che alla luce di criticit\u00e0 mai risolte e accumulate nel tempo e senza alternative valide che diano serenit\u00e0 economica, il dissesto \u00e8 l\u2019unica soluzione che porter\u00e0 ad una fase di rilancio e di stabilit\u00e0 finanziaria, consentendo di guardare avanti con la possibilit\u00e0 di garantire lo sviluppo del Comune.<div id=\"div-gpt-ad-Messinaoggi.it-DSK-300x250-corpoart\" style=\"text-align:center;margin:0 auto;\"><\/div><\/p>\n\n\n\n<p>Sin dalla fine di febbraio la giunta Calabr\u00f2, rimodulata in seguito alle note vicende politiche, ha avviato un\u2019azione di chiarezza per accertare le ragioni per le quali l\u2019Ente si trovava in una situazione di sofferenza economica che determinava ritardi nei pagamenti ai fornitori ed enormi difficolt\u00e0 nel trovare le risorse per provvedere ai servizi essenziali. La giunta Calabr\u00f2 si \u00e8 ritrovata un Piano di riequilibrio, formulato dalla precedente amministrazione che prevedeva aliquote al massimo per i cittadini e difficolt\u00e0 nel porre in essere misure di ripiano. La scelta suggerita dagli assessori che al momento dell\u2019insediamento della giunta Calabr\u00f2 detenevano la responsabilit\u00e0 del Bilancio fino a gennaio 2023 \u00e8 stata quella di continuare con il Piano di riequilibrio, rimodulandolo ulteriormente.<div id=\"videoincontent\" style=\"clear:both\";><\/div><\/p>\n\n\n\n<p>A conti fatti per\u00f2 le scelte operate non sono state lungimiranti e per approvare a fine dicembre 2022 il Bilancio di previsione si \u00e8 fatto ricorso ad ingenti contributi straordinario, contando su previsioni fin troppo ottimistiche rispetto alle entrate che non si sono poi registrate.<\/p>\n\n\n\n<p>Oggi, guardando i numeri di una situazione ereditata e mai sanata, il Comune  non pu\u00f2 rispettare il Piano di riequilibrio e spesso deve sottrarre risorse dalla gestione ordinaria per adempiere alle misure previste dal Piano stesso. Tutto questo a scapito dei servizi essenziali.<\/p>\n\n\n\n<p>L\u2019amministrazione pertanto, dopo un\u2019attenta analisi, suffragata anche dalla consulenza tecnica degli organi del Ministero, ha dovuto prendere una decisione obbligata e necessaria, che \u00e8 attualmente l\u2019unica soluzione possibile ed opportuna per porre le basi della ripartenza del Comune.<\/p>\n\n\n\n<p>E\u2019 opportuno per\u00f2 sgomberare il campo da ogni equivoco. Il dissesto non comporter\u00e0 alcun aumento delle imposte per i cittadini, dal momento che le stesse sono al tetto massimo dal 2019. Non ci saranno licenziamenti n\u00e8 tagli al personale e si potranno fare e le stesse cose che sono legittime in questo momento,  anzi con qualche risorsa in pi\u00f9 e con un bilancio puntuale. L\u2019obiettivo, dopo aver ereditato conti in stato di estrema criticit\u00e0 \u00e8, con grande senso di responsabilit\u00e0 quello di risanarli in un tempo circoscritto e determinare una necessaria ripartenza, come d&#8217;altronde gi\u00e0 fatto da altri comuni, compresa la vicina Milazzo. Soltanto seguendo questa strada \u00e8 possibile rilanciare l\u2019Ente e dare stabilit\u00e0 alle finanze, esattamente come \u00e8 accaduto a Milazzo e a tanti altri comuni in situazioni analoghe alle nostre. Ulteriori approfondimenti in ordine al provvedimento seguiranno in occasione dell\u2019esame della delibera in Consiglio comunale.<\/p>\n","protected":false},"excerpt":{"rendered":"<p>A conclusione di un percorso di chiarezza e trasparenza dei conti del Comune, iniziato lo scorso mese di febbraio, approfondito anche con il supporto degli organi del Ministero, la giunta Calabr\u00f2, con grande senso di responsabilit\u00e0 nei confronti della citt\u00e0, ha approvato il provvedimento relativo alla procedura di dissesto, misura questa obbligata e resa necessaria [&hellip;]<\/p>\n","protected":false},"author":2,"featured_media":34747,"comment_status":"open","ping_status":"open","sticky":false,"template":"","format":"standard","meta":{"ub_ctt_via":"","_mi_skip_tracking":false},"categories":[13,14],"tags":[1633,45,8999],"featured_image_src":"https:\/\/www.messinaoggi.it\/website\/wp-content\/uploads\/2019\/07\/municipio-barcellonapozzodigotto_0.jpg","author_info":{"display_name":"Redazione","author_link":"https:\/\/www.messinaoggi.it\/website\/author\/redazione\/"},"digistream_id":0,"digistream":false,"_links":{"self":[{"href":"https:\/\/www.messinaoggi.it\/website\/wp-json\/wp\/v2\/posts\/175660"}],"collection":[{"href":"https:\/\/www.messinaoggi.it\/website\/wp-json\/wp\/v2\/posts"}],"about":[{"href":"https:\/\/www.messinaoggi.it\/website\/wp-json\/wp\/v2\/types\/post"}],"author":[{"embeddable":true,"href":"https:\/\/www.messinaoggi.it\/website\/wp-json\/wp\/v2\/users\/2"}],"replies":[{"embeddable":true,"href":"https:\/\/www.messinaoggi.it\/website\/wp-json\/wp\/v2\/comments?post=175660"}],"version-history":[{"count":1,"href":"https:\/\/www.messinaoggi.it\/website\/wp-json\/wp\/v2\/posts\/175660\/revisions"}],"predecessor-version":[{"id":175661,"href":"https:\/\/www.messinaoggi.it\/website\/wp-json\/wp\/v2\/posts\/175660\/revisions\/175661"}],"wp:featuredmedia":[{"embeddable":true,"href":"https:\/\/www.messinaoggi.it\/website\/wp-json\/wp\/v2\/media\/34747"}],"wp:attachment":[{"href":"https:\/\/www.messinaoggi.it\/website\/wp-json\/wp\/v2\/media?parent=175660"}],"wp:term":[{"taxonomy":"category","embeddable":true,"href":"https:\/\/www.messinaoggi.it\/website\/wp-json\/wp\/v2\/categories?post=175660"},{"taxonomy":"post_tag","embeddable":true,"href":"https:\/\/www.messinaoggi.it\/website\/wp-json\/wp\/v2\/tags?post=175660"}],"curies":[{"name":"wp","href":"https:\/\/api.w.org\/{rel}","templated":true}]}}