{"id":175595,"date":"2023-11-06T18:08:01","date_gmt":"2023-11-06T17:08:01","guid":{"rendered":"https:\/\/www.messinaoggi.it\/website\/2023\/11\/06\/meloni-incontra-rama-accordo-su-due-centri-per-migranti-in-albania\/"},"modified":"2023-11-06T18:08:01","modified_gmt":"2023-11-06T17:08:01","slug":"meloni-incontra-rama-accordo-su-due-centri-per-migranti-in-albania","status":"publish","type":"post","link":"https:\/\/www.messinaoggi.it\/website\/2023\/11\/06\/meloni-incontra-rama-accordo-su-due-centri-per-migranti-in-albania\/","title":{"rendered":"Meloni incontra Rama, accordo su due centri per migranti in Albania"},"content":{"rendered":"<div>ROMA (ITALPRESS) &#8211; Un protocollo d&#8217;intesa in materia di gestione dei flussi migratori \u00e8 stato siglato a Palazzo Chigi tra il presidente del Consiglio italiano, Giorgia Meloni, e il primo ministro della Repubblica d&#8217;Albania, Edi Rama. <br \/>&#8220;L&#8217;Albania dar\u00e0 possibilit\u00e0 all&#8217;Italia di utilizzare alcune aree del territorio albanese dove l&#8217;Italia potr\u00e0 realizzare a proprie spese due strutture dove allestire centri per la gestione di migranti illegali. Inizialmente &#8211; ha affermato Meloni -, potr\u00e0 accogliere fino a 3 mila persone che rimarranno il tempo necessario per espletare le procedure delle domande di asilo ed eventualmente rimpatrio. L&#8217;accordo non riguarda i minori, le donne in gravidanza e gli altri soggetti vulnerabili. Il flusso complessivo potrebbe arrivare fino a 36mila persone che si alternano. Il protocollo che firmiamo oggi con l&#8217;Albania disegna la cornice politica e giuridica della collaborazione, poi dovranno seguire i provvedimenti normativi e le attivit\u00e0 necessarie per predisporre le strutture. Sono centri che contiamo di rendere operativi per la primavera 2024&#8221;.<br \/>Per il premier si tratta di un accordo che arricchisce &#8220;una amicizia storica, il nostro \u00e8 un partenariato strategico che si sviluppa attraverso rapporti commerciali di assoluta eccellenza. L&#8217;Italia \u00e8 il primo partner commerciale dell&#8217;Albania e il nostro interscambio vale circa il 20% del Pil albanese, ma anche attraverso scambi tra le nostre comunit\u00e0 presenti in Italia e Albania. Ci sono intensi rapporti culturali e sociali. E&#8217; una strettissima collaborazione che gi\u00e0 esiste nella lotta all&#8217;illegalit\u00e0. L&#8217;accordo di oggi arricchisce questa collaborazione con un ulteriore tassello&#8221;.<br \/>Per Meloni si tratta di &#8220;una soluzione innovativa che dimostra che dall&#8217;amicizia e dalla cooperazione possano nascere idee nuove, confido che domani possa diventare anche un esempio e modello da seguire per altri accordi di collaborazione di questo tipo. Considero questo un accordo di respiro europeo e dimostra che si pu\u00f2 collaborare sul fronte della gestione dei flussi migratori a 360 gradi e lo si pu\u00f2 fare con quelle nazioni che sono europee. L&#8217;immigrazione illegale di massa \u00e8 un fenomeno che l&#8217;Ue e gli Stati membri non possono affrontare da soli &#8211; ha osservato -, da questo punto di vista la collaborazione tra Stati Ue ed extra-Ue pu\u00f2 essere decisiva. Per questo ci siamo detti di rafforzare e rilanciare questa cooperazione. Non solo l&#8217;Albania si conferma amica dell&#8217;Italia, ma anche una Nazione amica dell&#8217;Unione Europea. Nonostante l&#8217;Albania non sia ancora formalmente parte dell&#8217;Ue si comporta come se lo fosse gi\u00e0. Questa \u00e8 una delle ragioni per le quali sono fiera del fatto che l&#8217;Italia sia da sempre uno dei pi\u00f9 grandi sostenitori dell&#8217;ingresso dell&#8217;Albania e dei Balcani occidentali. A me non piace definirlo allargamento ma riunificazione, non penso che l&#8217;Ue sia un club e credo che i Balcani e l&#8217;Albania siano a tutti gli effetti Paesi europei&#8221;, ha concluso Meloni.<br \/>&#8220;Non credo che saremo mai in grado di poter pagare questo debito che abbiamo con l&#8217;Italia per quello che le istituzioni hanno fatto per noi dal primo giorno in cui siamo arrivati in questa sponda del mare per trovare rifugio, scappare dall&#8217;inferno e immaginare una vita migliore. Se l&#8217;Italia chiama l&#8217;Albania c&#8217;\u00e8&#8221;, ha assicurato Edi Rama, nel sottolineare che &#8220;dare una mano vuol dire aiutare a gestire una situazione difficile per l&#8217;Italia che vedono tutti. La verit\u00e0 \u00e8 che la geografia \u00e8 diventata la maledizione dell&#8217;Italia perch\u00e8 quando si entra in Italia si entra in Europa, ma quando si tratta di gestire questi flussi come europei sappiamo bene come vanno le cose&#8221;, ha concluso Rama. <div id=\"div-gpt-ad-Messinaoggi.it-DSK-300x250-corpoart\" style=\"text-align:center;margin:0 auto;\"><\/div><\/p>\n<p>&#8211; Foto: Agenzia Fotogramma &#8211;<div id=\"videoincontent\" style=\"clear:both\";><\/div><\/p>\n<p>(ITALPRESS).<\/p><\/div>\n","protected":false},"excerpt":{"rendered":"<p>ROMA (ITALPRESS) &#8211; Un protocollo d&#8217;intesa in materia di gestione dei flussi migratori \u00e8 stato siglato a Palazzo Chigi tra il presidente del Consiglio italiano, Giorgia Meloni, e il primo ministro della Repubblica d&#8217;Albania, Edi Rama. &#8220;L&#8217;Albania dar\u00e0 possibilit\u00e0 all&#8217;Italia di utilizzare alcune aree del territorio albanese dove l&#8217;Italia potr\u00e0 realizzare a proprie spese due [&hellip;]<\/p>\n","protected":false},"author":18,"featured_media":175596,"comment_status":"closed","ping_status":"closed","sticky":false,"template":"","format":"standard","meta":{"ub_ctt_via":"","_mi_skip_tracking":false},"categories":[446],"tags":[783],"featured_image_src":"https:\/\/www.messinaoggi.it\/website\/wp-content\/uploads\/2023\/11\/20231106_1597.jpg","author_info":{"display_name":"Admin","author_link":"https:\/\/www.messinaoggi.it\/website\/author\/admin\/"},"digistream_id":0,"digistream":false,"_links":{"self":[{"href":"https:\/\/www.messinaoggi.it\/website\/wp-json\/wp\/v2\/posts\/175595"}],"collection":[{"href":"https:\/\/www.messinaoggi.it\/website\/wp-json\/wp\/v2\/posts"}],"about":[{"href":"https:\/\/www.messinaoggi.it\/website\/wp-json\/wp\/v2\/types\/post"}],"author":[{"embeddable":true,"href":"https:\/\/www.messinaoggi.it\/website\/wp-json\/wp\/v2\/users\/18"}],"replies":[{"embeddable":true,"href":"https:\/\/www.messinaoggi.it\/website\/wp-json\/wp\/v2\/comments?post=175595"}],"version-history":[{"count":0,"href":"https:\/\/www.messinaoggi.it\/website\/wp-json\/wp\/v2\/posts\/175595\/revisions"}],"wp:featuredmedia":[{"embeddable":true,"href":"https:\/\/www.messinaoggi.it\/website\/wp-json\/wp\/v2\/media\/175596"}],"wp:attachment":[{"href":"https:\/\/www.messinaoggi.it\/website\/wp-json\/wp\/v2\/media?parent=175595"}],"wp:term":[{"taxonomy":"category","embeddable":true,"href":"https:\/\/www.messinaoggi.it\/website\/wp-json\/wp\/v2\/categories?post=175595"},{"taxonomy":"post_tag","embeddable":true,"href":"https:\/\/www.messinaoggi.it\/website\/wp-json\/wp\/v2\/tags?post=175595"}],"curies":[{"name":"wp","href":"https:\/\/api.w.org\/{rel}","templated":true}]}}