{"id":175593,"date":"2023-11-06T17:08:04","date_gmt":"2023-11-06T16:08:04","guid":{"rendered":"https:\/\/www.messinaoggi.it\/website\/2023\/11\/06\/meloni-accordo-con-albania-per-due-centri-gestione-migranti-illegali\/"},"modified":"2023-11-06T17:08:04","modified_gmt":"2023-11-06T16:08:04","slug":"meloni-accordo-con-albania-per-due-centri-gestione-migranti-illegali","status":"publish","type":"post","link":"https:\/\/www.messinaoggi.it\/website\/2023\/11\/06\/meloni-accordo-con-albania-per-due-centri-gestione-migranti-illegali\/","title":{"rendered":"Meloni \u201cAccordo con Albania per due centri gestione migranti illegali\u201d"},"content":{"rendered":"<div>ROMA (ITALPRESS) &#8211; &#8220;Annunciamo un importantissimo protocollo d&#8217;intesa in materia di gestione di flussi migratori. Un accordo che arricchisce una amicizia storica, il nostro \u00e8 un partenariato strategico che si sviluppa attraverso rapporto commerciali di assoluta eccellenza&#8221;. Cos\u00ec il presidente del Consiglio, Giorgia Meloni, al termine dell&#8217;incontro con il primo ministro della Repubblica d&#8217;Albania, Edi Rama. &#8220;L&#8217;Albania dar\u00e0 possibilit\u00e0 all&#8217;Italia di utilizzare alcune aree del territorio albanese dove l&#8217;Italia potr\u00e0 realizzare, a proprie spese, due strutture dove allestire centri per la gestione di migranti illegali. Inizialmente potr\u00e0 accogliere fino a 3mila persone che rimarranno il tempo necessario per espletare le procedure delle domande di asilo ed eventualmente rimpatrio. L&#8217;accordo non riguarda i minori, le donne in gravidanza e gli altri soggetti vulnerabili&#8221;, ha spiegato Meloni. Il protocollo firmato con l&#8217;Albania &#8220;disegna la cornice politica e giuridica della collaborazione, poi dovranno seguire i provvedimenti normativi e le attivit\u00e0 necessarie per predisporre le strutture. Sono centri che contiamo di rendere operativi per la primavera 2024. Il flusso complessivo potrebbe arrivare fino a 36mila persone che si alternano&#8221;, ha concluso Meloni.<br \/>(ITALPRESS).<br \/>&#8211; Foto: Palazzo Chigi &#8211;<\/div>\n<div id=\"div-gpt-ad-Messinaoggi.it-DSK-300x250-corpoart\" style=\"text-align:center;margin:0 auto;\"><\/div><\/p><div id=\"videoincontent\" style=\"clear:both\";><\/div>","protected":false},"excerpt":{"rendered":"<p>ROMA (ITALPRESS) &#8211; &#8220;Annunciamo un importantissimo protocollo d&#8217;intesa in materia di gestione di flussi migratori. Un accordo che arricchisce una amicizia storica, il nostro \u00e8 un partenariato strategico che si sviluppa attraverso rapporto commerciali di assoluta eccellenza&#8221;. Cos\u00ec il presidente del Consiglio, Giorgia Meloni, al termine dell&#8217;incontro con il primo ministro della Repubblica d&#8217;Albania, Edi [&hellip;]<\/p>\n","protected":false},"author":18,"featured_media":175594,"comment_status":"closed","ping_status":"closed","sticky":false,"template":"","format":"standard","meta":{"ub_ctt_via":"","_mi_skip_tracking":false},"categories":[446],"tags":[783],"featured_image_src":"https:\/\/www.messinaoggi.it\/website\/wp-content\/uploads\/2023\/11\/20231106_1458.jpg","author_info":{"display_name":"Admin","author_link":"https:\/\/www.messinaoggi.it\/website\/author\/admin\/"},"digistream_id":0,"digistream":false,"_links":{"self":[{"href":"https:\/\/www.messinaoggi.it\/website\/wp-json\/wp\/v2\/posts\/175593"}],"collection":[{"href":"https:\/\/www.messinaoggi.it\/website\/wp-json\/wp\/v2\/posts"}],"about":[{"href":"https:\/\/www.messinaoggi.it\/website\/wp-json\/wp\/v2\/types\/post"}],"author":[{"embeddable":true,"href":"https:\/\/www.messinaoggi.it\/website\/wp-json\/wp\/v2\/users\/18"}],"replies":[{"embeddable":true,"href":"https:\/\/www.messinaoggi.it\/website\/wp-json\/wp\/v2\/comments?post=175593"}],"version-history":[{"count":0,"href":"https:\/\/www.messinaoggi.it\/website\/wp-json\/wp\/v2\/posts\/175593\/revisions"}],"wp:featuredmedia":[{"embeddable":true,"href":"https:\/\/www.messinaoggi.it\/website\/wp-json\/wp\/v2\/media\/175594"}],"wp:attachment":[{"href":"https:\/\/www.messinaoggi.it\/website\/wp-json\/wp\/v2\/media?parent=175593"}],"wp:term":[{"taxonomy":"category","embeddable":true,"href":"https:\/\/www.messinaoggi.it\/website\/wp-json\/wp\/v2\/categories?post=175593"},{"taxonomy":"post_tag","embeddable":true,"href":"https:\/\/www.messinaoggi.it\/website\/wp-json\/wp\/v2\/tags?post=175593"}],"curies":[{"name":"wp","href":"https:\/\/api.w.org\/{rel}","templated":true}]}}