{"id":175585,"date":"2023-11-06T16:08:03","date_gmt":"2023-11-06T15:08:03","guid":{"rendered":"https:\/\/www.messinaoggi.it\/website\/2023\/11\/06\/medio-oriente-tajani-tenere-i-civili-fuori-dal-conflitto\/"},"modified":"2023-11-06T16:08:03","modified_gmt":"2023-11-06T15:08:03","slug":"medio-oriente-tajani-tenere-i-civili-fuori-dal-conflitto","status":"publish","type":"post","link":"https:\/\/www.messinaoggi.it\/website\/2023\/11\/06\/medio-oriente-tajani-tenere-i-civili-fuori-dal-conflitto\/","title":{"rendered":"Medio Oriente, Tajani \u201cTenere i civili fuori dal conflitto\u201d"},"content":{"rendered":"<div>PRATO (ITALPRESS) &#8211; &#8220;Stasera parto alla volta di Tokio dove si svolger\u00e0 il G7 degli Esteri. All&#8217;ordine del giorno c&#8217;\u00e8 la drammatica situazione in Medio Oriente e quella in Ucraina. L&#8217;obiettivo \u00e8 di difendere la libert\u00e0 e la democrazia, combattere il terrorismo e promuovere la pace&#8221;. Lo ha detto il vicepremier e ministro degli Esteri, Antonio Tajani, nel corso di una conferenza stampa a Prato. &#8220;Tengo a sottolineare la differenza fra Hamas, che \u00e8 un&#8217;organizzazione terroristica, e la popolazione palestinese che nulla centra con Hamas. Siamo favorevoli a pause umanitarie &#8211; ha aggiunto &#8211; che permettano attraverso l&#8217;interruzione del conflitto corridoi umanitari e spostamenti verso il sud della Striscia di Gaza per chi vuole lasciare i territori dove si combatte. Le popolazioni civili vanno lasciate fuori dal conflitto, \u00e8 stato terribile aver visto tagliare la gola ai bambini e uccidere le persone casa per casa&#8221;. <br \/>&#8220;Quasi tutta la popolazione italiana \u00e8 uscita da Gaza, siamo pronti a ricoverare negli ospedali italiani palestinesi, non terroristi di Hamas, che vogliono uscire dalla Striscia di Gaza. Stiamo valutando anche di inviare uno ospedale da campo italiano per i feriti civili nella Striscia di Gaza e a Parigi parleremo di questi temi. Serve uno Stato palestinese che riconosca lo Stato israeliano, due popoli e due Stati. E&#8217; difficile che accada ci\u00f2, ma la pace \u00e8 il nostro obiettivo e non accettiamo chi vuole cancellare Israele dalla mappa. Ha diritto di esistere uno Stato israeliano e uno palestinese&#8221;, ha concluso Tajani.<div id=\"div-gpt-ad-Messinaoggi.it-DSK-300x250-corpoart\" style=\"text-align:center;margin:0 auto;\"><\/div><\/p>\n<p>&#8211; Foto: Agenzia Fotogramma &#8211;<div id=\"videoincontent\" style=\"clear:both\";><\/div><\/p>\n<p>(ITALPRESS).<\/p><\/div>\n","protected":false},"excerpt":{"rendered":"<p>PRATO (ITALPRESS) &#8211; &#8220;Stasera parto alla volta di Tokio dove si svolger\u00e0 il G7 degli Esteri. All&#8217;ordine del giorno c&#8217;\u00e8 la drammatica situazione in Medio Oriente e quella in Ucraina. L&#8217;obiettivo \u00e8 di difendere la libert\u00e0 e la democrazia, combattere il terrorismo e promuovere la pace&#8221;. Lo ha detto il vicepremier e ministro degli Esteri, [&hellip;]<\/p>\n","protected":false},"author":18,"featured_media":175586,"comment_status":"closed","ping_status":"closed","sticky":false,"template":"","format":"standard","meta":{"ub_ctt_via":"","_mi_skip_tracking":false},"categories":[446],"tags":[783],"featured_image_src":"https:\/\/www.messinaoggi.it\/website\/wp-content\/uploads\/2023\/11\/20231106_1140.jpg","author_info":{"display_name":"Admin","author_link":"https:\/\/www.messinaoggi.it\/website\/author\/admin\/"},"digistream_id":0,"digistream":false,"_links":{"self":[{"href":"https:\/\/www.messinaoggi.it\/website\/wp-json\/wp\/v2\/posts\/175585"}],"collection":[{"href":"https:\/\/www.messinaoggi.it\/website\/wp-json\/wp\/v2\/posts"}],"about":[{"href":"https:\/\/www.messinaoggi.it\/website\/wp-json\/wp\/v2\/types\/post"}],"author":[{"embeddable":true,"href":"https:\/\/www.messinaoggi.it\/website\/wp-json\/wp\/v2\/users\/18"}],"replies":[{"embeddable":true,"href":"https:\/\/www.messinaoggi.it\/website\/wp-json\/wp\/v2\/comments?post=175585"}],"version-history":[{"count":0,"href":"https:\/\/www.messinaoggi.it\/website\/wp-json\/wp\/v2\/posts\/175585\/revisions"}],"wp:featuredmedia":[{"embeddable":true,"href":"https:\/\/www.messinaoggi.it\/website\/wp-json\/wp\/v2\/media\/175586"}],"wp:attachment":[{"href":"https:\/\/www.messinaoggi.it\/website\/wp-json\/wp\/v2\/media?parent=175585"}],"wp:term":[{"taxonomy":"category","embeddable":true,"href":"https:\/\/www.messinaoggi.it\/website\/wp-json\/wp\/v2\/categories?post=175585"},{"taxonomy":"post_tag","embeddable":true,"href":"https:\/\/www.messinaoggi.it\/website\/wp-json\/wp\/v2\/tags?post=175585"}],"curies":[{"name":"wp","href":"https:\/\/api.w.org\/{rel}","templated":true}]}}