{"id":175583,"date":"2023-11-06T16:08:01","date_gmt":"2023-11-06T15:08:01","guid":{"rendered":"https:\/\/www.messinaoggi.it\/website\/2023\/11\/06\/sarri-siamo-in-crescita-spero-lo-stadio-sia-un-inferno\/"},"modified":"2023-11-06T16:08:01","modified_gmt":"2023-11-06T15:08:01","slug":"sarri-siamo-in-crescita-spero-lo-stadio-sia-un-inferno","status":"publish","type":"post","link":"https:\/\/www.messinaoggi.it\/website\/2023\/11\/06\/sarri-siamo-in-crescita-spero-lo-stadio-sia-un-inferno\/","title":{"rendered":"Sarri \u201cSiamo in crescita, spero lo stadio sia un inferno\u201d"},"content":{"rendered":"<div>ROMA (ITALPRESS) &#8211; &#8220;Le partite da vincere a tutti i costi non esistono. E&#8217; una partita da provare a vincere. Sarebbe importante fare punti, anche perch\u00e8 in Champions non si possono dare risultati per scontato, neanche quelli delle altre sfide. Non mi piace dire che dobbiamo vincere per forza&#8221;. Sono le dichiarazioni di Maurizio Sarri, allenatore della Lazio, alla vigilia del match contro il Feyernoord valido per la quarta giornata della fase a gironi di Champions League. &#8220;Cercheremo di fare la partita e di usare le nostre armi &#8211; ha proseguito il tecnico biancoceleste -. Le nostre difficolt\u00e0? Tutti ormai commentano solo il risultato: non guardatele pi\u00f9 le partite. L&#8217;anno scorso eravamo primi nel rapporto tra occasioni create e gol fatti, quest&#8217;anno siamo diciottesimi. Rispetto ad agosto abbiamo fatto passi avanti dal punto di vista tattico. Siamo in crescita, ora dobbiamo trovare qualcosa in pi\u00f9 per capitalizzare. Il Feyenoord \u00e8 aggressivo e ha grande gamba, i suoi giocatori vanno al limite del fallo sistematico. Sono preoccupato perch\u00e8 dovremo muovere la palla con grande velocit\u00e0 e se il campo \u00e8 nelle condizioni dell&#8217;ultima partita non ci riusciremo. I tifosi? Quanti sono sono, spero che facciano l&#8217;inferno&#8221;. &#8220;Le critiche? Non mi interessano, non ascolto nulla. Ci sono voci secondo le quali a fine stagione andr\u00f2 via: ho sempre detto il contrario, voglio rimanere a lungo e chiudere qui la carriera. Un inizio di campionato altalenante non pu\u00f2 farmi cambiare idea. Mi dispiace che le mie parole contino meno delle voci messe in giro&#8221;, ha proseguito l&#8217;ex mister di Napoli e Juve. &#8220;Se abbiamo una possibilit\u00e0 di tornare in Europa \u00e8 attraverso il campionato. L&#8217;Europa \u00e8 bellissima ma dobbiamo anche avere la lucidit\u00e0 di pensare a tutto il resto. Con la nuova Champions chi resta fuori \u00e8 nei guai: la Champions \u00e8 la nostra festa, ma il lavoro \u00e8 il campionato&#8221;, ha poi ammesso Sarri. Infine, su Immobile. &#8220;Bisogna fare una scelta. O si scarica o si recupera. Io sono per recuperarlo a tutti i costi perch\u00e8 per noi \u00e8 determinante. Deve fare minuti in campo. Ciro deve trovare continuit\u00e0 in allenamento e minuti in partita. Non abbiamo altri giocatori da 25 gol l&#8217;anno&#8221;.<br \/>&#8211; Foto LivePhotoSport &#8211;<br \/>(ITALPRESS).<\/div>\n<div id=\"div-gpt-ad-Messinaoggi.it-DSK-300x250-corpoart\" style=\"text-align:center;margin:0 auto;\"><\/div><\/p><div id=\"videoincontent\" style=\"clear:both\";><\/div>","protected":false},"excerpt":{"rendered":"<p>ROMA (ITALPRESS) &#8211; &#8220;Le partite da vincere a tutti i costi non esistono. E&#8217; una partita da provare a vincere. Sarebbe importante fare punti, anche perch\u00e8 in Champions non si possono dare risultati per scontato, neanche quelli delle altre sfide. Non mi piace dire che dobbiamo vincere per forza&#8221;. Sono le dichiarazioni di Maurizio Sarri, [&hellip;]<\/p>\n","protected":false},"author":18,"featured_media":175584,"comment_status":"closed","ping_status":"closed","sticky":false,"template":"","format":"standard","meta":{"ub_ctt_via":"","_mi_skip_tracking":false},"categories":[446],"tags":[783],"featured_image_src":"https:\/\/www.messinaoggi.it\/website\/wp-content\/uploads\/2023\/11\/20231106_0979.jpg","author_info":{"display_name":"Admin","author_link":"https:\/\/www.messinaoggi.it\/website\/author\/admin\/"},"digistream_id":0,"digistream":false,"_links":{"self":[{"href":"https:\/\/www.messinaoggi.it\/website\/wp-json\/wp\/v2\/posts\/175583"}],"collection":[{"href":"https:\/\/www.messinaoggi.it\/website\/wp-json\/wp\/v2\/posts"}],"about":[{"href":"https:\/\/www.messinaoggi.it\/website\/wp-json\/wp\/v2\/types\/post"}],"author":[{"embeddable":true,"href":"https:\/\/www.messinaoggi.it\/website\/wp-json\/wp\/v2\/users\/18"}],"replies":[{"embeddable":true,"href":"https:\/\/www.messinaoggi.it\/website\/wp-json\/wp\/v2\/comments?post=175583"}],"version-history":[{"count":0,"href":"https:\/\/www.messinaoggi.it\/website\/wp-json\/wp\/v2\/posts\/175583\/revisions"}],"wp:featuredmedia":[{"embeddable":true,"href":"https:\/\/www.messinaoggi.it\/website\/wp-json\/wp\/v2\/media\/175584"}],"wp:attachment":[{"href":"https:\/\/www.messinaoggi.it\/website\/wp-json\/wp\/v2\/media?parent=175583"}],"wp:term":[{"taxonomy":"category","embeddable":true,"href":"https:\/\/www.messinaoggi.it\/website\/wp-json\/wp\/v2\/categories?post=175583"},{"taxonomy":"post_tag","embeddable":true,"href":"https:\/\/www.messinaoggi.it\/website\/wp-json\/wp\/v2\/tags?post=175583"}],"curies":[{"name":"wp","href":"https:\/\/api.w.org\/{rel}","templated":true}]}}