{"id":175576,"date":"2023-11-06T15:08:00","date_gmt":"2023-11-06T14:08:00","guid":{"rendered":"https:\/\/www.messinaoggi.it\/website\/2023\/11\/06\/pioli-col-psg-bivio-champions-serve-prestazione-allaltezza\/"},"modified":"2023-11-06T15:08:00","modified_gmt":"2023-11-06T14:08:00","slug":"pioli-col-psg-bivio-champions-serve-prestazione-allaltezza","status":"publish","type":"post","link":"https:\/\/www.messinaoggi.it\/website\/2023\/11\/06\/pioli-col-psg-bivio-champions-serve-prestazione-allaltezza\/","title":{"rendered":"Pioli \u201cCol Psg bivio Champions, serve prestazione all\u2019altezza\u201d"},"content":{"rendered":"<div>MILANO (ITALPRESS) &#8211; &#8220;Primo bivio stagionale? Di sicuro in<br \/>Champions. E per questo domani contro il Psg vogliamo mettere in<br \/>campo una prestazione all&#8217;altezza. Veniamo da due settimane<br \/>difficili, ma il campionato \u00e8 ancora lungo&#8221;. Cos\u00ec il tecnico del Milan Stefano Pioli ha presentato la sfida di Champions contro il Psg in programma domani a San Siro. &#8220;L&#8217;ultima prestazione \u00e8 stata deludente, lo sappiamo e per questo vogliamo mettere in campo una prestazione all&#8217;altezza. L&#8217;abbiamo rivista, valutata, siamo stati troppo poco lucidi, poco qualitativi e intensi, caratteristiche che abbiamo e che dobbiamo mettere domani visto che \u00e8 una gara difficile. Dobbiamo ritrovare in campo il nostro modo di giocare con grande senso di responsabilit\u00e0&#8221; ha detto Pioli, che ha anche parlato del suo futuro sulla panchina rossonera. &#8220;La passione che ho nel mio lavoro mi porta a stare concentrato sul presente. Ripeto che il club mi sta mettendo nelle migliori condizioni per lavorare bene, ho una squadra forte, so che devo rispondere di risultati e prestazioni e questi vanno migliorati. Voglio vedere la squadra che conosco, che sa mettere in campo le proprie idee, le proprie qualit\u00e0. Va rimessa quella mentalit\u00e0 su cui abbiamo lavorato in questi anni. Il Psg \u00e8 una squadra che pu\u00f2 vincere la Champions, un mese fa aveva qualcosa che non funzionava ma adesso \u00e8 al 100%, tuttavia dobbiamo giocarcela con tutta la convinzione possibile. Loftus-Cheek pronto? Sta meglio, non so se ha i 90&#8242; nelle gambe anche se durante l&#8217;infortunio ha lavorato bene. Credo possa giocare un minutaggio non completo ma sufficiente per essere disponibile sia dall&#8217;inizio o a gara iniziata&#8221;.<br \/>&#8220;Lavoriamo per reagire e per ritrovare il nostro livello. Non abbiamo iniziato bene, ma vogliamo fare bene nelle prossime tre partite. Affrontiamo una squadra forte, ma lo siamo anche noi. Dobbiamo mettere in campo quello che sappiamo fare. Giochiamo in casa nostra e dobbiamo dare tutto. Dobbiamo ritrovare la nostra fiducia e la nostra grinta&#8221; ha aggiunto il portiere rossonero Mike Maignan.<br \/>&#8211; foto LivePhotoSport &#8211;<br \/>(ITALPRESS).<\/div>\n<div id=\"div-gpt-ad-Messinaoggi.it-DSK-300x250-corpoart\" style=\"text-align:center;margin:0 auto;\"><\/div><\/p><div id=\"videoincontent\" style=\"clear:both\";><\/div>","protected":false},"excerpt":{"rendered":"<p>MILANO (ITALPRESS) &#8211; &#8220;Primo bivio stagionale? Di sicuro inChampions. E per questo domani contro il Psg vogliamo mettere incampo una prestazione all&#8217;altezza. Veniamo da due settimanedifficili, ma il campionato \u00e8 ancora lungo&#8221;. Cos\u00ec il tecnico del Milan Stefano Pioli ha presentato la sfida di Champions contro il Psg in programma domani a San Siro. &#8220;L&#8217;ultima [&hellip;]<\/p>\n","protected":false},"author":18,"featured_media":175577,"comment_status":"closed","ping_status":"closed","sticky":false,"template":"","format":"standard","meta":{"ub_ctt_via":"","_mi_skip_tracking":false},"categories":[446],"tags":[783],"featured_image_src":"https:\/\/www.messinaoggi.it\/website\/wp-content\/uploads\/2023\/11\/20231106_0714.jpg","author_info":{"display_name":"Admin","author_link":"https:\/\/www.messinaoggi.it\/website\/author\/admin\/"},"digistream_id":0,"digistream":false,"_links":{"self":[{"href":"https:\/\/www.messinaoggi.it\/website\/wp-json\/wp\/v2\/posts\/175576"}],"collection":[{"href":"https:\/\/www.messinaoggi.it\/website\/wp-json\/wp\/v2\/posts"}],"about":[{"href":"https:\/\/www.messinaoggi.it\/website\/wp-json\/wp\/v2\/types\/post"}],"author":[{"embeddable":true,"href":"https:\/\/www.messinaoggi.it\/website\/wp-json\/wp\/v2\/users\/18"}],"replies":[{"embeddable":true,"href":"https:\/\/www.messinaoggi.it\/website\/wp-json\/wp\/v2\/comments?post=175576"}],"version-history":[{"count":0,"href":"https:\/\/www.messinaoggi.it\/website\/wp-json\/wp\/v2\/posts\/175576\/revisions"}],"wp:featuredmedia":[{"embeddable":true,"href":"https:\/\/www.messinaoggi.it\/website\/wp-json\/wp\/v2\/media\/175577"}],"wp:attachment":[{"href":"https:\/\/www.messinaoggi.it\/website\/wp-json\/wp\/v2\/media?parent=175576"}],"wp:term":[{"taxonomy":"category","embeddable":true,"href":"https:\/\/www.messinaoggi.it\/website\/wp-json\/wp\/v2\/categories?post=175576"},{"taxonomy":"post_tag","embeddable":true,"href":"https:\/\/www.messinaoggi.it\/website\/wp-json\/wp\/v2\/tags?post=175576"}],"curies":[{"name":"wp","href":"https:\/\/api.w.org\/{rel}","templated":true}]}}