{"id":175566,"date":"2023-11-06T15:08:41","date_gmt":"2023-11-06T14:08:41","guid":{"rendered":"http:\/\/www.messinaoggi.it\/website\/?p=175566"},"modified":"2023-11-06T15:08:42","modified_gmt":"2023-11-06T14:08:42","slug":"ambientalisti-bloccano-il-traffico-al-porto-chiedono-un-fondo-per-i-danni-del-clima","status":"publish","type":"post","link":"https:\/\/www.messinaoggi.it\/website\/2023\/11\/06\/ambientalisti-bloccano-il-traffico-al-porto-chiedono-un-fondo-per-i-danni-del-clima\/","title":{"rendered":"Ambientalisti bloccano il traffico al Porto, chiedono un fondo per i danni del clima"},"content":{"rendered":"\n<p>Questa mattina sei attivisti ambientalisti del movimento <strong>&#8220;Ultima generazione&#8221;<\/strong>, famoso per diverse proteste sul territorio nazionale, si sono dati appuntamento alla cortina del Porto di Messina bloccando il traffico automobilistico sulla Via Giuseppe Garibaldi all&#8217;altezza di Via Loggia dei mercanti. <div id=\"div-gpt-ad-Messinaoggi.it-DSK-300x250-corpoart\" style=\"text-align:center;margin:0 auto;\"><\/div><\/p>\n\n\n\n<p>La dimostrazione si \u00e8 conclusa con l&#8217;intervento della Polizia che ha preso di peso i manifestanti, che erano stesi a terra sulle strisce pedonali, e li ha spostati all&#8217;interno delle volanti. <div id=\"videoincontent\" style=\"clear:both\";><\/div><\/p>\n\n\n\n<p>La protesta ha lo scopo di sensibilizzare la cittadinanza sugli eventi climatici estremi che si stanno verificando in Italia, come il maltempo che ha colpito e danneggiato la Toscana. <\/p>\n\n\n\n<figure class=\"wp-block-image size-large is-resized\"><img loading=\"lazy\" src=\"http:\/\/www.messinaoggi.it\/website\/wp-content\/uploads\/2023\/11\/4.-BLOCCO-CON-LA-STAMPA-1024x576.jpeg\" alt=\"\" class=\"wp-image-175574\" width=\"625\" height=\"351\" srcset=\"https:\/\/www.messinaoggi.it\/website\/wp-content\/uploads\/2023\/11\/4.-BLOCCO-CON-LA-STAMPA-1024x576.jpeg 1024w, https:\/\/www.messinaoggi.it\/website\/wp-content\/uploads\/2023\/11\/4.-BLOCCO-CON-LA-STAMPA-300x169.jpeg 300w, https:\/\/www.messinaoggi.it\/website\/wp-content\/uploads\/2023\/11\/4.-BLOCCO-CON-LA-STAMPA-768x432.jpeg 768w, https:\/\/www.messinaoggi.it\/website\/wp-content\/uploads\/2023\/11\/4.-BLOCCO-CON-LA-STAMPA.jpeg 1280w\" sizes=\"(max-width: 625px) 100vw, 625px\" \/><figcaption>Attivisti di Ultima Generazione bloccano il passaggio alle auto presso il Porto di Messina<\/figcaption><\/figure>\n\n\n\n<p>Gli attivisti chiedono alla politica, attraverso una nota, che sia realizzato un \u201cFondo di Riparazione preventivo, permanente e partecipato da prevedere annualmente nel bilancio dello Stato\u201d per far fronte ai danni che colpiscono le popolazioni, vedendo in questi eventi non un caso, ma un collegamento con i cambiamenti climatici dovuti all&#8217;inquinamento. <\/p>\n\n\n\n<p>L&#8217;intervento richiesto al Governo ed ai rappresentanti in Parlamento \u201crappresenta proprio il cambio di paradigma politico: non pi\u00f9 la logica dell\u2019emergenza di fronte alle conseguenze dei fenomeni estremi, ma quella della programmazione. I soldi dovranno essere ottenuti attraverso l\u2019eliminazione dei Sussidi Ambientalmente Dannosi (SAD), la tassazioni degli extra-profitti delle compagnie fossili, il taglio di stipendi premi e benefit ai loro manager, delle enormi spese della politica e delle sempre pi\u00f9 ingenti spese militari\u201d. <\/p>\n\n\n\n<p>Criticano il Governo Meloni, che &#8220;noncurante della realt\u00e0 sociale, dell\u2019arretratezza delle linee infrastrutturali pubbliche interne, della sicurezza sismica degli abitati, spender\u00e0 15 miliardi di euro per realizzare il Ponte sullo Stretto; denari pubblici che gi\u00e0 si trovano nel classico buco nero di comitati tecnici, consulenze e appalti, che rischia pericolosamente di alimentare le strade opache della criminalit\u00e0 organizzata&#8221;. <\/p>\n\n\n\n<figure class=\"wp-block-image size-large\"><img loading=\"lazy\" width=\"768\" height=\"1024\" src=\"http:\/\/www.messinaoggi.it\/website\/wp-content\/uploads\/2023\/11\/2.-BLOCCO-PULMAN-768x1024.jpeg\" alt=\"\" class=\"wp-image-175575\" srcset=\"https:\/\/www.messinaoggi.it\/website\/wp-content\/uploads\/2023\/11\/2.-BLOCCO-PULMAN-768x1024.jpeg 768w, https:\/\/www.messinaoggi.it\/website\/wp-content\/uploads\/2023\/11\/2.-BLOCCO-PULMAN-225x300.jpeg 225w, https:\/\/www.messinaoggi.it\/website\/wp-content\/uploads\/2023\/11\/2.-BLOCCO-PULMAN.jpeg 960w\" sizes=\"(max-width: 768px) 100vw, 768px\" \/><\/figure>\n\n\n\n<p>Spiegano, soprattutto, che &#8220;Il Governo regionale, che ha dichiarato lo stato di calamit\u00e0 naturale, stima che in Sicilia i danni provocati dagli incendi estivi ammontino a circa 260 milioni di euro: 60 milioni di danni diretti e oltre 200 milioni, quantificati dagli ispettorati provinciali, riferibili alle perdite del settore agricolo, distruzione di produzione e strutture, causate degli incendi. Inoltre i picchi delle ondate di calore di 45-47 gradi hanno incenerito 62561 ettari di patrimonio naturale e boschivo&#8221;.<\/p>\n\n\n\n<p>Per questo motivo, chiariscono: &#8220;scendiamo in strada, assumendoci la responsabilit\u00e0 delle nostre azioni, affrontando la repressione, tribunali e processi&#8221;. <\/p>\n\n\n\n<p>Il fondo dovrebbe consistere, per gli attivisti, in 20 miliardi di euro.<\/p>\n\n\n\n<p>Gli attivisti denunciano anche che &#8220;prima dell\u2019inizio dell\u2019azione \u00e8 stato fermato il giornalista Fabrizio Bert\u00e8 di Repubblica che \u00e8 stato trattenuto senza valido motivo per due ore in Questura&#8221;. <\/p>\n\n\n\n<p>&#8220;Riteniamo &#8211; affermano &#8211; che questo sia stato un attacco alla libert\u00e0 di cronaca e al pluralismo dell\u2019informazione che \u00e8 esercizio di democrazia&#8221;.<\/p>\n\n\n\n<p><strong>Michele Bruno.<\/strong><\/p>\n","protected":false},"excerpt":{"rendered":"<p>Questa mattina sei attivisti ambientalisti del movimento &#8220;Ultima generazione&#8221;, famoso per diverse proteste sul territorio nazionale, si sono dati appuntamento alla cortina del Porto di Messina bloccando il traffico automobilistico sulla Via Giuseppe Garibaldi all&#8217;altezza di Via Loggia dei mercanti. La dimostrazione si \u00e8 conclusa con l&#8217;intervento della Polizia che ha preso di peso i [&hellip;]<\/p>\n","protected":false},"author":123457,"featured_media":175572,"comment_status":"open","ping_status":"open","sticky":false,"template":"","format":"standard","meta":{"ub_ctt_via":"","_mi_skip_tracking":false},"categories":[4],"tags":[8994,8613,44,5470,8995,1025,8993],"featured_image_src":"https:\/\/www.messinaoggi.it\/website\/wp-content\/uploads\/2023\/11\/5.-ARRIVO-POLIZIA.jpeg","author_info":{"display_name":"Michele Bruno","author_link":"https:\/\/www.messinaoggi.it\/website\/author\/michele-bruno\/"},"digistream_id":0,"digistream":false,"_links":{"self":[{"href":"https:\/\/www.messinaoggi.it\/website\/wp-json\/wp\/v2\/posts\/175566"}],"collection":[{"href":"https:\/\/www.messinaoggi.it\/website\/wp-json\/wp\/v2\/posts"}],"about":[{"href":"https:\/\/www.messinaoggi.it\/website\/wp-json\/wp\/v2\/types\/post"}],"author":[{"embeddable":true,"href":"https:\/\/www.messinaoggi.it\/website\/wp-json\/wp\/v2\/users\/123457"}],"replies":[{"embeddable":true,"href":"https:\/\/www.messinaoggi.it\/website\/wp-json\/wp\/v2\/comments?post=175566"}],"version-history":[{"count":4,"href":"https:\/\/www.messinaoggi.it\/website\/wp-json\/wp\/v2\/posts\/175566\/revisions"}],"predecessor-version":[{"id":175578,"href":"https:\/\/www.messinaoggi.it\/website\/wp-json\/wp\/v2\/posts\/175566\/revisions\/175578"}],"wp:featuredmedia":[{"embeddable":true,"href":"https:\/\/www.messinaoggi.it\/website\/wp-json\/wp\/v2\/media\/175572"}],"wp:attachment":[{"href":"https:\/\/www.messinaoggi.it\/website\/wp-json\/wp\/v2\/media?parent=175566"}],"wp:term":[{"taxonomy":"category","embeddable":true,"href":"https:\/\/www.messinaoggi.it\/website\/wp-json\/wp\/v2\/categories?post=175566"},{"taxonomy":"post_tag","embeddable":true,"href":"https:\/\/www.messinaoggi.it\/website\/wp-json\/wp\/v2\/tags?post=175566"}],"curies":[{"name":"wp","href":"https:\/\/api.w.org\/{rel}","templated":true}]}}