{"id":175501,"date":"2023-11-06T10:08:01","date_gmt":"2023-11-06T09:08:01","guid":{"rendered":"https:\/\/www.messinaoggi.it\/website\/2023\/11\/06\/calenda-il-premierato-lunica-alternativa-e-il-modello-tedesco\/"},"modified":"2023-11-06T10:08:01","modified_gmt":"2023-11-06T09:08:01","slug":"calenda-il-premierato-lunica-alternativa-e-il-modello-tedesco","status":"publish","type":"post","link":"https:\/\/www.messinaoggi.it\/website\/2023\/11\/06\/calenda-il-premierato-lunica-alternativa-e-il-modello-tedesco\/","title":{"rendered":"Calenda \u201cIl premierato? L\u2019unica alternativa \u00e8 il modello tedesco\u201d"},"content":{"rendered":"<div>ROMA (ITALPRESS) &#8211; &#8220;In Italia ci sono tre cose che non funzionano: il ruolo del Parlamento, cio\u00e8 il bicameralismo, il federalismo e la pubblica amministrazione. E questa riforma parla d&#8217;altro, non riguarda il buon funzionamento dello Stato. E&#8217; una legge che riscrive le regole di un gioco di societ\u00e0 tutto interno alla politica. Ci\u00f2 premesso, mi sento di dire a Giorgia Meloni: perch\u00e8 non lavoriamo piuttosto sul modello tedesco?\u00bb. Lo dice il leader di Azione Carlo Calenda, a proposito del premierato, in un&#8217;intervista sul Corriere della Sera.<br \/>\u00abSi tratta &#8211; aggiunge &#8211; di un modello molto consolidato e che, dal &#8217;90, ha prodotto quattro cancellieri invece dei nostri quattordici presidenti del Consiglio, e dieci governi invece dei nostri ventidue esecutivi. Invece di andarci a inventare dei modelli mai visti e mai sperimentati nel mondo, perch\u00e8 non possiamo optare per quello che, peraltro, d\u00e0 anche il potere al cancelliere di scegliersi i ministri?\u00bb.<br \/>&#8220;Io chiedo alla presidente del Consiglio &#8211; aggiunge &#8211; di fermarsi e di discutere tutti insieme delle riforme di cui ha bisogno il Paese. Esaminiamo il modello tedesco, rivediamo l&#8217;autonomia differenziata. Facciamo una riforma che abbia un senso e non un patchwork di riforme che rischiano di rendere l&#8217;Italia ancora pi\u00f9 ingovernabile&#8221;. <br \/>-foto Agenzia Fotogramma-<br \/>(ITALPRESS).<\/div>\n<div id=\"div-gpt-ad-Messinaoggi.it-DSK-300x250-corpoart\" style=\"text-align:center;margin:0 auto;\"><\/div><\/p><div id=\"videoincontent\" style=\"clear:both\";><\/div>","protected":false},"excerpt":{"rendered":"<p>ROMA (ITALPRESS) &#8211; &#8220;In Italia ci sono tre cose che non funzionano: il ruolo del Parlamento, cio\u00e8 il bicameralismo, il federalismo e la pubblica amministrazione. E questa riforma parla d&#8217;altro, non riguarda il buon funzionamento dello Stato. E&#8217; una legge che riscrive le regole di un gioco di societ\u00e0 tutto interno alla politica. Ci\u00f2 premesso, [&hellip;]<\/p>\n","protected":false},"author":18,"featured_media":175502,"comment_status":"closed","ping_status":"closed","sticky":false,"template":"","format":"standard","meta":{"ub_ctt_via":"","_mi_skip_tracking":false},"categories":[446],"tags":[783],"featured_image_src":"https:\/\/www.messinaoggi.it\/website\/wp-content\/uploads\/2023\/11\/20231106_0143.jpg","author_info":{"display_name":"Admin","author_link":"https:\/\/www.messinaoggi.it\/website\/author\/admin\/"},"digistream_id":0,"digistream":false,"_links":{"self":[{"href":"https:\/\/www.messinaoggi.it\/website\/wp-json\/wp\/v2\/posts\/175501"}],"collection":[{"href":"https:\/\/www.messinaoggi.it\/website\/wp-json\/wp\/v2\/posts"}],"about":[{"href":"https:\/\/www.messinaoggi.it\/website\/wp-json\/wp\/v2\/types\/post"}],"author":[{"embeddable":true,"href":"https:\/\/www.messinaoggi.it\/website\/wp-json\/wp\/v2\/users\/18"}],"replies":[{"embeddable":true,"href":"https:\/\/www.messinaoggi.it\/website\/wp-json\/wp\/v2\/comments?post=175501"}],"version-history":[{"count":0,"href":"https:\/\/www.messinaoggi.it\/website\/wp-json\/wp\/v2\/posts\/175501\/revisions"}],"wp:featuredmedia":[{"embeddable":true,"href":"https:\/\/www.messinaoggi.it\/website\/wp-json\/wp\/v2\/media\/175502"}],"wp:attachment":[{"href":"https:\/\/www.messinaoggi.it\/website\/wp-json\/wp\/v2\/media?parent=175501"}],"wp:term":[{"taxonomy":"category","embeddable":true,"href":"https:\/\/www.messinaoggi.it\/website\/wp-json\/wp\/v2\/categories?post=175501"},{"taxonomy":"post_tag","embeddable":true,"href":"https:\/\/www.messinaoggi.it\/website\/wp-json\/wp\/v2\/tags?post=175501"}],"curies":[{"name":"wp","href":"https:\/\/api.w.org\/{rel}","templated":true}]}}