{"id":175498,"date":"2023-11-06T09:57:39","date_gmt":"2023-11-06T08:57:39","guid":{"rendered":"http:\/\/www.messinaoggi.it\/website\/?p=175498"},"modified":"2023-11-06T09:59:09","modified_gmt":"2023-11-06T08:59:09","slug":"camera-commercio-anche-picciotto-contro-le-maxi-indennita-a-blandina-avrei-votato-contro","status":"publish","type":"post","link":"https:\/\/www.messinaoggi.it\/website\/2023\/11\/06\/camera-commercio-anche-picciotto-contro-le-maxi-indennita-a-blandina-avrei-votato-contro\/","title":{"rendered":"Camera Commercio, anche Picciotto contro le maxi indennit\u00e0 a Blandina: &#8220;Avrei votato contro&#8221;"},"content":{"rendered":"\n<p>Anche il presidente di Confcommercio Messina, Carmelo Picciotto, interviene sulla polemica delle maxi indennit\u00e0, approvate di recente dal consiglio della Camera di Commercio di Messina, a favore del suo presidente Ivo Blandina. La polemica era scoppiata dopo la denuncia del consigliere nonch\u00e9 sindacalista della Uil Messina Ivan Tripodi, che era stato l&#8217;unico a votare contro questa proposta, ritenendola a dir poco inopportuna. Picciotto, che \u00e8 anche consigliere alla Camera di Commercio, non era presente durante la votazione contestata da Tripodi, ma afferma che se ci fosse stato avrebbe votato contro.<div id=\"div-gpt-ad-Messinaoggi.it-DSK-300x250-corpoart\" style=\"text-align:center;margin:0 auto;\"><\/div><\/p>\n\n\n\n<p>&#8220;Credevamo che la Camera di Commercio fosse un ente che si occupasse delle attivit\u00e0 economiche del territorio cercando di potenziare e migliorare la competitivit\u00e0 delle aziende. &#8211; dichiara Picciotto &#8211; Svolgendo un ruolo di rappresentanza degli interessi delle imprese locali e promuovendone lo sviluppo. Inoltre, pensavamo che la Camera di Commercio svolgesse un ruolo di orientamento e supporto alle imprese, fornendo servizi di consulenza e formazione, nonch\u00e9 agevolazioni e finanziamenti per favorire lo sviluppo delle attivit\u00e0 economiche locali. Infine, pensavamo che promuovesse la collaborazione tra le imprese, e tra queste e gli enti pubblici, al fine di favorire lo sviluppo del territorio e la creazione di opportunit\u00e0 di lavoro.<div id=\"videoincontent\" style=\"clear:both\";><\/div><\/p>\n\n\n\n<p>&#8220;Purtroppo, per vari motivi, in questi anni lo sviluppo e il benessere del tessuto economico e sociale del territorio non c\u2019\u00e8 stato nella nostra provincia. E ci siamo resi conto che i dati che la stessa Camera di Commercio di Messina ha fornito nel 2022 presentano una fotografia desolante della nostra realt\u00e0. Posti di lavoro che si perdono, economia pi\u00f9 fragile e condizioni precarie del tessuto sociale. Ed \u00e8 sempre pi\u00f9 allarme sui dati che riguardano le imprese in provincia di Messina, dove da aprile a giugno del 2022 hanno chiuso 1768 attivit\u00e0, a fronte di 652 aziende aperte. Un saldo negativo con meno 1.116 imprese, contro quello positivo, registrato nello stesso periodo del 2022 con un + 387. <\/p>\n\n\n\n<p>&#8220;In maggior sofferenza sono commercio e costruzioni. Oltre fattori esterni come la crisi globale, il Covid, la mancata strutturazione e digitalizzazione delle aziende, ci sono tuttavia altri fattori che sicuramente indicano tra i responsabili anche la governance della Camera di Commercio che non ha messo in piedi ancora quell\u2019organizzazione tale da garantire i servizi, la formazione e le attivit\u00e0 di cui parlavamo all\u2019inizio. Ecco quando le cose vanno male in un\u2019azienda si tagliano i premi di produzione, e se \u00e8 il caso, i manager si tagliano i compensi, invece anche nell\u2019ente camerale, nonostante la complicata situazione del bilancio non lo permettesse, si \u00e8 provveduto al ripristino di quei compensi che per qualche anno non erano stati previsti. <\/p>\n\n\n\n<p>&#8220;Premesso che pu\u00f2 essere anche giusto retribuire perfino 200 mila euro in pi\u00f9 anni, circa 40000 euro ogni anno, chi guida un ente prestigioso come la Camera commercio, \u00e8 altrettanto auspicabile aspettarsi migliori soluzioni per le imprese, maggiori servizi, ottima formazione, e adeguata pianificazione per aiutare a sviluppare meglio ad ognuno il proprio business. Saremmo pi\u00f9 contenti di pagare compensi pi\u00f9 alti alla governance, ma vorremo farlo non perch\u00e9 \u00e8 previsto o perch\u00e9 per legge \u00e8 cos\u00ec, ma perch\u00e9 i risultati del management sono stati cos\u00ec straordinari da soddisfare tutti. <\/p>\n\n\n\n<p>&#8220;In alcuni casi, visto alcuni contesti, qualcuno potrebbe anche ripensarci e rinunciare a prendere questi compensi anche se giusti e previsti, io far\u00f2 cos\u00ec rinunciando alle mie 1500 euro l\u2019anno come consigliere della Camera di Commercio dandoli ad alcune imprese in difficolt\u00e0. Ci tengo a precisare che purtroppo non ero presente alla votazione per impegni lavorativi, ma se ci fossi stato, come Tripodi della UIL, avrei votato contro l\u2019aumento&#8221;.<\/p>\n","protected":false},"excerpt":{"rendered":"<p>Anche il presidente di Confcommercio Messina, Carmelo Picciotto, interviene sulla polemica delle maxi indennit\u00e0, approvate di recente dal consiglio della Camera di Commercio di Messina, a favore del suo presidente Ivo Blandina. La polemica era scoppiata dopo la denuncia del consigliere nonch\u00e9 sindacalista della Uil Messina Ivan Tripodi, che era stato l&#8217;unico a votare contro [&hellip;]<\/p>\n","protected":false},"author":8,"featured_media":2881,"comment_status":"open","ping_status":"open","sticky":false,"template":"","format":"standard","meta":{"ub_ctt_via":"","_mi_skip_tracking":false},"categories":[6],"tags":[1012,1736,954,4201],"featured_image_src":"https:\/\/www.messinaoggi.it\/website\/wp-content\/uploads\/2017\/06\/Picciotto-Carmelo-28-2-17-2.jpg","author_info":{"display_name":"red..me","author_link":"https:\/\/www.messinaoggi.it\/website\/author\/redstage\/"},"digistream_id":0,"digistream":false,"_links":{"self":[{"href":"https:\/\/www.messinaoggi.it\/website\/wp-json\/wp\/v2\/posts\/175498"}],"collection":[{"href":"https:\/\/www.messinaoggi.it\/website\/wp-json\/wp\/v2\/posts"}],"about":[{"href":"https:\/\/www.messinaoggi.it\/website\/wp-json\/wp\/v2\/types\/post"}],"author":[{"embeddable":true,"href":"https:\/\/www.messinaoggi.it\/website\/wp-json\/wp\/v2\/users\/8"}],"replies":[{"embeddable":true,"href":"https:\/\/www.messinaoggi.it\/website\/wp-json\/wp\/v2\/comments?post=175498"}],"version-history":[{"count":2,"href":"https:\/\/www.messinaoggi.it\/website\/wp-json\/wp\/v2\/posts\/175498\/revisions"}],"predecessor-version":[{"id":175500,"href":"https:\/\/www.messinaoggi.it\/website\/wp-json\/wp\/v2\/posts\/175498\/revisions\/175500"}],"wp:featuredmedia":[{"embeddable":true,"href":"https:\/\/www.messinaoggi.it\/website\/wp-json\/wp\/v2\/media\/2881"}],"wp:attachment":[{"href":"https:\/\/www.messinaoggi.it\/website\/wp-json\/wp\/v2\/media?parent=175498"}],"wp:term":[{"taxonomy":"category","embeddable":true,"href":"https:\/\/www.messinaoggi.it\/website\/wp-json\/wp\/v2\/categories?post=175498"},{"taxonomy":"post_tag","embeddable":true,"href":"https:\/\/www.messinaoggi.it\/website\/wp-json\/wp\/v2\/tags?post=175498"}],"curies":[{"name":"wp","href":"https:\/\/api.w.org\/{rel}","templated":true}]}}