{"id":175494,"date":"2023-11-06T09:08:00","date_gmt":"2023-11-06T08:08:00","guid":{"rendered":"https:\/\/www.messinaoggi.it\/website\/2023\/11\/06\/calderoli-sul-premierato-sara-il-popolo-a-dare-il-consenso\/"},"modified":"2023-11-06T09:08:00","modified_gmt":"2023-11-06T08:08:00","slug":"calderoli-sul-premierato-sara-il-popolo-a-dare-il-consenso","status":"publish","type":"post","link":"https:\/\/www.messinaoggi.it\/website\/2023\/11\/06\/calderoli-sul-premierato-sara-il-popolo-a-dare-il-consenso\/","title":{"rendered":"Calderoli \u201cSul premierato sar\u00e0 il popolo a dare il consenso\u201d"},"content":{"rendered":"<div>ROMA (ITALPRESS) &#8211; &#8220;Tutti si concentrano sulla figura del premier. Ma il punto \u00e8 il governo di legislatura. Un governo solo che per cinque anni si confronta con l&#8217;estero, con l&#8217;Europa, con i governatori. La polpa \u00e8 l\u00ec&#8221;. Lo ha detto, in un&#8217;intervista al Corriere della Sera, il ministro per gli Affari regionali e le Autonomie Roberto Calderoli.<br \/>\u00abEntro la legislatura approveremo sia il premierato sia l&#8217;Autonomia\u00bb. Calderoli si dice &#8220;convinto che il popolo dar\u00e0 il consenso. Che \u00e8 la cosa pi\u00f9 importante\u00bb.<br \/>&#8220;I due terzi non si raggiungeranno mai -afferma &#8211; Il confronto \u00e8 con opposizioni che, prima ancora di leggere il testo, hanno annunciato i comitati del no. Ho appena fatto le vaccinazioni, non ne far\u00f2 una malattia. Ed \u00e8 giusto che decida il popolo&#8221;.<br \/>-foto Agenzia Fotogramma-<br \/>(ITALPRESS).<\/div>\n<div id=\"div-gpt-ad-Messinaoggi.it-DSK-300x250-corpoart\" style=\"text-align:center;margin:0 auto;\"><\/div><\/p><div id=\"videoincontent\" style=\"clear:both\";><\/div>","protected":false},"excerpt":{"rendered":"<p>ROMA (ITALPRESS) &#8211; &#8220;Tutti si concentrano sulla figura del premier. Ma il punto \u00e8 il governo di legislatura. Un governo solo che per cinque anni si confronta con l&#8217;estero, con l&#8217;Europa, con i governatori. La polpa \u00e8 l\u00ec&#8221;. Lo ha detto, in un&#8217;intervista al Corriere della Sera, il ministro per gli Affari regionali e le [&hellip;]<\/p>\n","protected":false},"author":18,"featured_media":175495,"comment_status":"closed","ping_status":"closed","sticky":false,"template":"","format":"standard","meta":{"ub_ctt_via":"","_mi_skip_tracking":false},"categories":[446],"tags":[783],"featured_image_src":"https:\/\/www.messinaoggi.it\/website\/wp-content\/uploads\/2023\/11\/20231106_0116.jpg","author_info":{"display_name":"Admin","author_link":"https:\/\/www.messinaoggi.it\/website\/author\/admin\/"},"digistream_id":0,"digistream":false,"_links":{"self":[{"href":"https:\/\/www.messinaoggi.it\/website\/wp-json\/wp\/v2\/posts\/175494"}],"collection":[{"href":"https:\/\/www.messinaoggi.it\/website\/wp-json\/wp\/v2\/posts"}],"about":[{"href":"https:\/\/www.messinaoggi.it\/website\/wp-json\/wp\/v2\/types\/post"}],"author":[{"embeddable":true,"href":"https:\/\/www.messinaoggi.it\/website\/wp-json\/wp\/v2\/users\/18"}],"replies":[{"embeddable":true,"href":"https:\/\/www.messinaoggi.it\/website\/wp-json\/wp\/v2\/comments?post=175494"}],"version-history":[{"count":0,"href":"https:\/\/www.messinaoggi.it\/website\/wp-json\/wp\/v2\/posts\/175494\/revisions"}],"wp:featuredmedia":[{"embeddable":true,"href":"https:\/\/www.messinaoggi.it\/website\/wp-json\/wp\/v2\/media\/175495"}],"wp:attachment":[{"href":"https:\/\/www.messinaoggi.it\/website\/wp-json\/wp\/v2\/media?parent=175494"}],"wp:term":[{"taxonomy":"category","embeddable":true,"href":"https:\/\/www.messinaoggi.it\/website\/wp-json\/wp\/v2\/categories?post=175494"},{"taxonomy":"post_tag","embeddable":true,"href":"https:\/\/www.messinaoggi.it\/website\/wp-json\/wp\/v2\/tags?post=175494"}],"curies":[{"name":"wp","href":"https:\/\/api.w.org\/{rel}","templated":true}]}}