{"id":175489,"date":"2023-11-05T22:08:03","date_gmt":"2023-11-05T21:08:03","guid":{"rendered":"https:\/\/www.messinaoggi.it\/website\/2023\/11\/05\/tajani-anp-unica-autorita-palestinese-che-riconosciamo\/"},"modified":"2023-11-05T22:08:03","modified_gmt":"2023-11-05T21:08:03","slug":"tajani-anp-unica-autorita-palestinese-che-riconosciamo","status":"publish","type":"post","link":"https:\/\/www.messinaoggi.it\/website\/2023\/11\/05\/tajani-anp-unica-autorita-palestinese-che-riconosciamo\/","title":{"rendered":"Tajani \u201cAnp unica autorit\u00e0 palestinese che riconosciamo\u201d"},"content":{"rendered":"<div>ROMA (ITALPRESS) &#8211; &#8220;L&#8217;Autorit\u00e0 Nazionale Palestinese \u00e8 l&#8217;unica autorit\u00e0 che riconosciamo, Hamas \u00e8 un&#8217;organizzazione terroristica che ha dato il via al disastro. Abbiamo chiesto con forza a Israele di colpire solo le centrali terroristiche e di lasciare i civili fuori dalla guerra&#8221;. Lo dice a &#8220;Che tempo che fa&#8221;, sul Nove, il vicepremier e ministro degli Esteri Antonio Tajani.<br \/>&#8220;Abbiamo mandato materiale di sostegno alla popolazione civile. L&#8217;obiettivo finale nostro \u00e8 arrivare a due popoli due Stati. Israele ha diritto di esistere, e il popolo palestinese deve avere una prospettiva democratica, per questo riconosciamo l&#8217;Autorit\u00e0 Nazionale Palestinese&#8221;, ha aggiunto.<div id=\"div-gpt-ad-Messinaoggi.it-DSK-300x250-corpoart\" style=\"text-align:center;margin:0 auto;\"><\/div><\/p>\n<p>&#8211; Foto: Agenzia Fotogramma &#8211;<div id=\"videoincontent\" style=\"clear:both\";><\/div><\/p>\n<p>(ITALPRESS).<\/p><\/div>\n","protected":false},"excerpt":{"rendered":"<p>ROMA (ITALPRESS) &#8211; &#8220;L&#8217;Autorit\u00e0 Nazionale Palestinese \u00e8 l&#8217;unica autorit\u00e0 che riconosciamo, Hamas \u00e8 un&#8217;organizzazione terroristica che ha dato il via al disastro. Abbiamo chiesto con forza a Israele di colpire solo le centrali terroristiche e di lasciare i civili fuori dalla guerra&#8221;. Lo dice a &#8220;Che tempo che fa&#8221;, sul Nove, il vicepremier e ministro [&hellip;]<\/p>\n","protected":false},"author":18,"featured_media":0,"comment_status":"closed","ping_status":"closed","sticky":false,"template":"","format":"standard","meta":{"ub_ctt_via":"","_mi_skip_tracking":false},"categories":[446],"tags":[783],"featured_image_src":null,"author_info":{"display_name":"Admin","author_link":"https:\/\/www.messinaoggi.it\/website\/author\/admin\/"},"digistream_id":0,"digistream":false,"_links":{"self":[{"href":"https:\/\/www.messinaoggi.it\/website\/wp-json\/wp\/v2\/posts\/175489"}],"collection":[{"href":"https:\/\/www.messinaoggi.it\/website\/wp-json\/wp\/v2\/posts"}],"about":[{"href":"https:\/\/www.messinaoggi.it\/website\/wp-json\/wp\/v2\/types\/post"}],"author":[{"embeddable":true,"href":"https:\/\/www.messinaoggi.it\/website\/wp-json\/wp\/v2\/users\/18"}],"replies":[{"embeddable":true,"href":"https:\/\/www.messinaoggi.it\/website\/wp-json\/wp\/v2\/comments?post=175489"}],"version-history":[{"count":0,"href":"https:\/\/www.messinaoggi.it\/website\/wp-json\/wp\/v2\/posts\/175489\/revisions"}],"wp:attachment":[{"href":"https:\/\/www.messinaoggi.it\/website\/wp-json\/wp\/v2\/media?parent=175489"}],"wp:term":[{"taxonomy":"category","embeddable":true,"href":"https:\/\/www.messinaoggi.it\/website\/wp-json\/wp\/v2\/categories?post=175489"},{"taxonomy":"post_tag","embeddable":true,"href":"https:\/\/www.messinaoggi.it\/website\/wp-json\/wp\/v2\/tags?post=175489"}],"curies":[{"name":"wp","href":"https:\/\/api.w.org\/{rel}","templated":true}]}}