{"id":17543,"date":"2018-03-28T18:23:25","date_gmt":"2018-03-28T16:23:25","guid":{"rendered":"http:\/\/www.messinaoggi.it\/website\/?p=17543"},"modified":"2018-03-28T18:23:25","modified_gmt":"2018-03-28T16:23:25","slug":"crisi-del-lavoro-il-prefetto-librizzi-rassicura-i-sindacati","status":"publish","type":"post","link":"https:\/\/www.messinaoggi.it\/website\/2018\/03\/28\/crisi-del-lavoro-il-prefetto-librizzi-rassicura-i-sindacati\/","title":{"rendered":"Crisi del lavoro, il prefetto Librizzi rassicura i sindacati"},"content":{"rendered":"<p class=\"p1\" style=\"text-align: justify;\"><span class=\"s1\"><em>&#8220;Attenzione concreta e continua sul mondo del lavoro&#8221;<\/em>. Lo ha assicurato il Prefetto <strong>Maria Carmela Librizzi<\/strong> nel corso dell\u2019incontro con i rappresentanti di Cgil, Cisl e Uil <strong>Giovanni Mastroeni<\/strong>, <strong>Antonino Alibrandi<\/strong> e<strong> Ivan Tripodi<\/strong> e delle federazioni degli edili Feneal, Filca e Fillea, <strong>Pasquale De Vardo<\/strong>, <strong>Giuseppe Famiano<\/strong>, <strong>Franco Catalano<\/strong> e <strong>Enzo Cocivera<\/strong> richiesto dagli stessi sindacati per dare un\u2019accelerata all\u2019avvio dei cantieri delle opere gi\u00e0 finanziate. <\/span><div id=\"div-gpt-ad-Messinaoggi.it-DSK-300x250-corpoart\" style=\"text-align:center;margin:0 auto;\"><\/div><\/p>\n<p class=\"p1\" style=\"text-align: justify;\"><span class=\"s1\">Soddisfatti per la sensibilit\u00e0 dimostrata nei confronti dei lavoratori i sindacati che, nel corso dell\u2019incontro, hanno esposto la situazione drammatica del lavoro a Messina e provincia e chiesto al Prefetto di farsi promotrice della costituzione di cabine di regia per monitorare, opera per opera, l\u2019avvio dei lavori finanziati nell\u2019ambito della diversa programmazione economica dei Patti per Messina, per la Sicilia e per il Sud.<\/span><div id=\"videoincontent\" style=\"clear:both\";><\/div><\/p>\n<div id=\"attachment_17138\" style=\"width: 382px\" class=\"wp-caption alignleft\"><img aria-describedby=\"caption-attachment-17138\" loading=\"lazy\" class=\" wp-image-17138\" src=\"http:\/\/www.messinaoggi.it\/website\/wp-content\/uploads\/2018\/03\/TRIPODI-IVAN-300x225.jpg\" alt=\"\" width=\"372\" height=\"279\" \/><p id=\"caption-attachment-17138\" class=\"wp-caption-text\"><strong>Ivan Tripodi, Segretario generale Uil Messina<\/strong><\/p><\/div>\n<p class=\"p1\" style=\"text-align: justify;\"><span class=\"s1\">Cgil, Cisl e Uil e le Federazioni degli Edili hanno espresso preoccupazione per la gestione dell\u2019ingente disponibilit\u00e0 economica che la Citt\u00e0 Metropolitana di Messina avr\u00e0 nei prossimi anni.\u00a0\u00abNon vorremmo arrivare al punto \u2013 hanno sottolineato \u2013 che, a causa dell\u2019incapacit\u00e0 o della mancanza di volont\u00e0, non si riesca a far partire i lavori perdendo finanziamenti di vitale importanza in questa fase storica per il territorio in termini occupazionali e di sviluppo socio-economico\u00bb. <\/span><\/p>\n<p class=\"p1\" style=\"text-align: justify;\"><span class=\"s1\">Il Prefetto ha manifestato la disponibilit\u00e0 ad attivare subito un tavolo con la Regione siciliana per l&#8217;utilizzo da parte dei Comuni delle risorse del fondo regionale di rotazione per la realizzazione della progettazione esecutiva nelle opere previste nel Patto per la Sicilia e nel Patto per Messina.<\/span><\/p>\n","protected":false},"excerpt":{"rendered":"<p>&#8220;Attenzione concreta e continua sul mondo del lavoro&#8221;. Lo ha assicurato il Prefetto Maria Carmela Librizzi nel corso dell\u2019incontro con i rappresentanti di Cgil, Cisl e Uil Giovanni Mastroeni, Antonino Alibrandi e Ivan Tripodi e delle federazioni degli edili Feneal, Filca e Fillea, Pasquale De Vardo, Giuseppe Famiano, Franco Catalano e Enzo Cocivera richiesto dagli [&hellip;]<\/p>\n","protected":false},"author":2,"featured_media":17544,"comment_status":"closed","ping_status":"open","sticky":false,"template":"","format":"standard","meta":{"ub_ctt_via":"","_mi_skip_tracking":false},"categories":[5],"tags":[],"featured_image_src":"https:\/\/www.messinaoggi.it\/website\/wp-content\/uploads\/2018\/03\/Immagine-del-28-03-18-alle-09.53-1.jpg","author_info":{"display_name":"Redazione","author_link":"https:\/\/www.messinaoggi.it\/website\/author\/redazione\/"},"digistream_id":0,"digistream":false,"_links":{"self":[{"href":"https:\/\/www.messinaoggi.it\/website\/wp-json\/wp\/v2\/posts\/17543"}],"collection":[{"href":"https:\/\/www.messinaoggi.it\/website\/wp-json\/wp\/v2\/posts"}],"about":[{"href":"https:\/\/www.messinaoggi.it\/website\/wp-json\/wp\/v2\/types\/post"}],"author":[{"embeddable":true,"href":"https:\/\/www.messinaoggi.it\/website\/wp-json\/wp\/v2\/users\/2"}],"replies":[{"embeddable":true,"href":"https:\/\/www.messinaoggi.it\/website\/wp-json\/wp\/v2\/comments?post=17543"}],"version-history":[{"count":0,"href":"https:\/\/www.messinaoggi.it\/website\/wp-json\/wp\/v2\/posts\/17543\/revisions"}],"wp:featuredmedia":[{"embeddable":true,"href":"https:\/\/www.messinaoggi.it\/website\/wp-json\/wp\/v2\/media\/17544"}],"wp:attachment":[{"href":"https:\/\/www.messinaoggi.it\/website\/wp-json\/wp\/v2\/media?parent=17543"}],"wp:term":[{"taxonomy":"category","embeddable":true,"href":"https:\/\/www.messinaoggi.it\/website\/wp-json\/wp\/v2\/categories?post=17543"},{"taxonomy":"post_tag","embeddable":true,"href":"https:\/\/www.messinaoggi.it\/website\/wp-json\/wp\/v2\/tags?post=17543"}],"curies":[{"name":"wp","href":"https:\/\/api.w.org\/{rel}","templated":true}]}}