{"id":17533,"date":"2018-03-28T15:51:27","date_gmt":"2018-03-28T13:51:27","guid":{"rendered":"http:\/\/www.messinaoggi.it\/website\/?p=17533"},"modified":"2018-03-28T15:51:27","modified_gmt":"2018-03-28T13:51:27","slug":"facciolo-negli-ultimi-3-mesi-e-successo-di-tutto-ma-siamo-vivi","status":"publish","type":"post","link":"https:\/\/www.messinaoggi.it\/website\/2018\/03\/28\/facciolo-negli-ultimi-3-mesi-e-successo-di-tutto-ma-siamo-vivi\/","title":{"rendered":"Facciolo: &quot;Negli ultimi 3 mesi \u00e8 successo di tutto, ma siamo vivi&quot;"},"content":{"rendered":"<p>La sfida con l\u2019Ercolanese ha il sapore di ci\u00f2 che poteva essere\u00a0 e non \u00e8 stato, del grande rimpianto per una risalita che si \u00e8 fermata proprio sul pi\u00f9 bello. Il Messina per\u00f2 vuole onorare la sfida con i campani, perch\u00e9 il primo obiettivo \u00e8 finire il campionato nella miglior posizione possibile. Fino alla fine della stagione non ci sar\u00e0 Giacomo Modica, stangato dal Giudice Sportivo che lo ha fermato fino a maggio.<br \/>\nNella sala stampa del Celeste si presenta il vice, Michele Facciolo, che senza peli sulla lingua commenta cos\u00ec la stangata ai danni del tecnico giallorosso: <em>\u201cIn questi ultimi tre mesi tra il rinvio del match di Acireale e la sosta forzata di tre settimane \u00e8 successo di tutto. Abbiamo anche chiesto di spostare all\u201911 aprile la sfida con il Palazzolo ma ci \u00e8 stato negato. Siamo per\u00f2 vivi, pronti per la prossima gara e le altre ravvicinate, non \u00e8 questo che si ci spaventa. L\u2019Ercolanese ha costruito il suo bottino pi\u00f9 in casa che fuori, \u00e8 una squadra con giocatori importanti a centrocampo e in attacco, pur mancando domani El Ouazni, il capocannoniere del girone. Squalifica di Modica? Trovarsi di fronte ad arbitri arroganti, andando a chiedere una spiegazione e sentendosi dire \u201cvada fuori\u201d, questo lo ha fatto arrabbiare. Dopo aver saputo dei due mesi di squalifica per un attimo ha detto anche, forse per la rabbia, che voleva tornarsene a casa. E\u2019 una presa in giro anche se dovesse arrivare uno sconto di 15 giorni, cos\u00ec si toglie lavoro ad una persona che non dice mai un insulto a nessuno\u201d<\/em>.<br \/>\nIl recente passato per\u00f2 parla di un pareggio positivo ottenuto in casa dell\u2019Igea Virtus: <em>\u201cA Barcellona abbiamo trovato un campo difficile per la pioggia su cui giocare, quelle situazioni create le abbiamo sbagliate proprio per dei controlli dei nostri giocatori. Per il calcio che vuole Giacomo un terreno cos\u00ec ci ha penalizzato, ma abbiamo fatto una buona prestazione, trovando di fronte un grande portiere, forse il migliore del girone<\/em>\u201d.<br \/>\nPer Facciolo i meriti di Modica sono sotto gli occhi di tutti: \u201c<em>Da quando siamo arrivati Giacomo ha fatto un grande lavoro sulla testa dei ragazzi e la gara di Barcellona \u00e8 stata l\u2019ennesima riprova dopo 20 giorni senza giocare partite, facendo soltanto amichevoli che lasciano il tempo che trovano. Il merito \u00e8 suo che riesce a trovare sempre stimoli nei ragazzi. E\u2019 bravo a toccare le corde giuste\u201d.<\/em><br \/>\nSi torna a parlare anche dell\u2019ingenuit\u00e0 di Prisco, espulso per aver fatto la pip\u00ec sul palo della porta del D\u2019Alcontres: <em>\u201cNon ci sono molto parole, il ragazzo \u00e8 stato ingenuo perch\u00e9 poteva dare altre spiegazioni anzich\u00e9 dire la verit\u00e0, ma l\u00ec si \u00e8 vista la sua naturalezza. Ne ha parlato tutta Italia, mentre il gruppo ha fatto qualche battuta scherzosa, ma finisce l\u00ec tra compagni. Un gesto cos\u00ec, per\u00f2, fa sembrare che siamo dei dilettanti. Sono errori che si pagano e purtroppo \u00e8 successo a noi\u201d.\u00a0<\/em><div id=\"div-gpt-ad-Messinaoggi.it-DSK-300x250-corpoart\" style=\"text-align:center;margin:0 auto;\"><\/div><\/p>\n<div id=\"videoincontent\" style=\"clear:both\";><\/div>","protected":false},"excerpt":{"rendered":"<p>La sfida con l\u2019Ercolanese ha il sapore di ci\u00f2 che poteva essere\u00a0 e non \u00e8 stato, del grande rimpianto per una risalita che si \u00e8 fermata proprio sul pi\u00f9 bello. Il Messina per\u00f2 vuole onorare la sfida con i campani, perch\u00e9 il primo obiettivo \u00e8 finire il campionato nella miglior posizione possibile. Fino alla fine [&hellip;]<\/p>\n","protected":false},"author":14,"featured_media":17534,"comment_status":"closed","ping_status":"open","sticky":false,"template":"","format":"standard","meta":{"ub_ctt_via":"","_mi_skip_tracking":false},"categories":[10],"tags":[],"featured_image_src":"https:\/\/www.messinaoggi.it\/website\/wp-content\/uploads\/2018\/03\/facciolo-1.jpg","author_info":{"display_name":"Antonio Macauda","author_link":"https:\/\/www.messinaoggi.it\/website\/author\/a-macauda\/"},"digistream_id":0,"digistream":false,"_links":{"self":[{"href":"https:\/\/www.messinaoggi.it\/website\/wp-json\/wp\/v2\/posts\/17533"}],"collection":[{"href":"https:\/\/www.messinaoggi.it\/website\/wp-json\/wp\/v2\/posts"}],"about":[{"href":"https:\/\/www.messinaoggi.it\/website\/wp-json\/wp\/v2\/types\/post"}],"author":[{"embeddable":true,"href":"https:\/\/www.messinaoggi.it\/website\/wp-json\/wp\/v2\/users\/14"}],"replies":[{"embeddable":true,"href":"https:\/\/www.messinaoggi.it\/website\/wp-json\/wp\/v2\/comments?post=17533"}],"version-history":[{"count":0,"href":"https:\/\/www.messinaoggi.it\/website\/wp-json\/wp\/v2\/posts\/17533\/revisions"}],"wp:featuredmedia":[{"embeddable":true,"href":"https:\/\/www.messinaoggi.it\/website\/wp-json\/wp\/v2\/media\/17534"}],"wp:attachment":[{"href":"https:\/\/www.messinaoggi.it\/website\/wp-json\/wp\/v2\/media?parent=17533"}],"wp:term":[{"taxonomy":"category","embeddable":true,"href":"https:\/\/www.messinaoggi.it\/website\/wp-json\/wp\/v2\/categories?post=17533"},{"taxonomy":"post_tag","embeddable":true,"href":"https:\/\/www.messinaoggi.it\/website\/wp-json\/wp\/v2\/tags?post=17533"}],"curies":[{"name":"wp","href":"https:\/\/api.w.org\/{rel}","templated":true}]}}