{"id":175314,"date":"2023-11-03T18:12:49","date_gmt":"2023-11-03T17:12:49","guid":{"rendered":"http:\/\/www.messinaoggi.it\/website\/?p=175314"},"modified":"2023-11-03T18:12:50","modified_gmt":"2023-11-03T17:12:50","slug":"non-tutto-e-successo-aneddoti-personali-e-politici-di-cateno-de-luca","status":"publish","type":"post","link":"https:\/\/www.messinaoggi.it\/website\/2023\/11\/03\/non-tutto-e-successo-aneddoti-personali-e-politici-di-cateno-de-luca\/","title":{"rendered":"&#8220;Non tutto \u00e8 successo&#8221;, aneddoti personali e politici di Cateno De Luca"},"content":{"rendered":"\n<p>L&#8217;atteso libro dell&#8217;On. Cateno De Luca, &#8220;Non tutto \u00e8 successo!&#8221;, \u00e8 ora disponibile in libreria a partire da marted\u00ec 31 ottobre, edito dalla casa editrice Piemme. Questo libro offre un&#8217;intima prospettiva sugli aneddoti personali, professionali e politici che hanno segnato la vita del leader di Sud chiama Nord, evidenziando il suo profondo legame con la famiglia e i valori tradizionali.<div id=\"div-gpt-ad-Messinaoggi.it-DSK-300x250-corpoart\" style=\"text-align:center;margin:0 auto;\"><\/div><\/p>\n\n\n\n<p>Le prime tre tappe della presentazione del libro &#8220;Non tutto \u00e8 successo!&#8221; ripercorrono il percorso politico di Cateno De Luca. Ecco le tappe. Domenica 5 novembre a Fiumedinisi: Fiumedinisi \u00e8 stato il primo comune in cui Cateno De Luca \u00e8 stato sindaco. Durante l&#8217;incontro moderato dalla giornalista Rosaria Brancato i lettori avranno l&#8217;opportunit\u00e0 di scoprire anche aneddoti e le sfide politiche che hanno caratterizzato il suo mandato a Fiumedinisi.<div id=\"videoincontent\" style=\"clear:both\";><\/div><\/p>\n\n\n\n<p>Domenica 12 novembre a Santa Teresa di Riva: Secondo comune in cui De Luca \u00e8 stato sindaco, al Teatro Val d&#8217;Agro, il giornalista Carmelo Caspanello moderer\u00e0 la conversazione, offrendo un approfondimento sulle esperienze e le sfide affrontate.<\/p>\n\n\n\n<p>Domenica 19 novembre a Taormina: Cateno De Luca \u00e8 oggi sindaco di Taormina, citt\u00e0 che ha segnato una tappa significativa nel suo percorso politico. Durante questo incontro, i giornalisti Emanuele Cammaroto e Mauro Romano dialogheranno con l&#8217;autore.<\/p>\n\n\n\n<p>A partire dal 14 dicembre, il tour della presentazione si espander\u00e0 ulteriormente, toccando tutte le citt\u00e0 capoluogo di provincia in Sicilia, concludendosi il 22 dicembre a Messina, al Teatro Vittorio Emanuele.<\/p>\n\n\n\n<p>Ulteriori presentazioni sono previste tra gennaio e febbraio in varie citt\u00e0 di tutta Italia, offrendo a un pubblico pi\u00f9 ampio l&#8217;opportunit\u00e0 di scoprire il libro &#8220;Non tutto \u00e8 successo!&#8221; di Cateno De Luca e di esplorare il suo percorso politico e personale, grazie all&#8217;importante contributo dell&#8217;Associazione La Casa del Musicista.<\/p>\n","protected":false},"excerpt":{"rendered":"<p>L&#8217;atteso libro dell&#8217;On. Cateno De Luca, &#8220;Non tutto \u00e8 successo!&#8221;, \u00e8 ora disponibile in libreria a partire da marted\u00ec 31 ottobre, edito dalla casa editrice Piemme. Questo libro offre un&#8217;intima prospettiva sugli aneddoti personali, professionali e politici che hanno segnato la vita del leader di Sud chiama Nord, evidenziando il suo profondo legame con la [&hellip;]<\/p>\n","protected":false},"author":4,"featured_media":175315,"comment_status":"open","ping_status":"open","sticky":false,"template":"","format":"standard","meta":{"ub_ctt_via":"","_mi_skip_tracking":false},"categories":[4],"tags":[126,8986,8987],"featured_image_src":"https:\/\/www.messinaoggi.it\/website\/wp-content\/uploads\/2023\/11\/WhatsApp-Image-2023-11-03-at-13.50.26.jpeg","author_info":{"display_name":"redme","author_link":"https:\/\/www.messinaoggi.it\/website\/author\/redme\/"},"digistream_id":0,"digistream":false,"_links":{"self":[{"href":"https:\/\/www.messinaoggi.it\/website\/wp-json\/wp\/v2\/posts\/175314"}],"collection":[{"href":"https:\/\/www.messinaoggi.it\/website\/wp-json\/wp\/v2\/posts"}],"about":[{"href":"https:\/\/www.messinaoggi.it\/website\/wp-json\/wp\/v2\/types\/post"}],"author":[{"embeddable":true,"href":"https:\/\/www.messinaoggi.it\/website\/wp-json\/wp\/v2\/users\/4"}],"replies":[{"embeddable":true,"href":"https:\/\/www.messinaoggi.it\/website\/wp-json\/wp\/v2\/comments?post=175314"}],"version-history":[{"count":1,"href":"https:\/\/www.messinaoggi.it\/website\/wp-json\/wp\/v2\/posts\/175314\/revisions"}],"predecessor-version":[{"id":175316,"href":"https:\/\/www.messinaoggi.it\/website\/wp-json\/wp\/v2\/posts\/175314\/revisions\/175316"}],"wp:featuredmedia":[{"embeddable":true,"href":"https:\/\/www.messinaoggi.it\/website\/wp-json\/wp\/v2\/media\/175315"}],"wp:attachment":[{"href":"https:\/\/www.messinaoggi.it\/website\/wp-json\/wp\/v2\/media?parent=175314"}],"wp:term":[{"taxonomy":"category","embeddable":true,"href":"https:\/\/www.messinaoggi.it\/website\/wp-json\/wp\/v2\/categories?post=175314"},{"taxonomy":"post_tag","embeddable":true,"href":"https:\/\/www.messinaoggi.it\/website\/wp-json\/wp\/v2\/tags?post=175314"}],"curies":[{"name":"wp","href":"https:\/\/api.w.org\/{rel}","templated":true}]}}