{"id":175267,"date":"2023-11-03T16:07:59","date_gmt":"2023-11-03T15:07:59","guid":{"rendered":"https:\/\/www.messinaoggi.it\/website\/2023\/11\/03\/covid-in-calo-positivi-e-decessi\/"},"modified":"2023-11-10T18:45:54","modified_gmt":"2023-11-10T17:45:54","slug":"covid-in-calo-positivi-e-decessi","status":"publish","type":"post","link":"https:\/\/www.messinaoggi.it\/website\/2023\/11\/03\/covid-in-calo-positivi-e-decessi\/","title":{"rendered":"Covid, in calo positivi e decessi"},"content":{"rendered":"<div>ROMA (ITALPRESS) &#8211; Calano del 2% i nuovi contagi da Covid nella settimana tra il 26 ottobre e l&#8217;1 novembre: 27.372 nuovi casi positivi con una variazione di -2 % rispetto alla settimana precedente (27.923); 148 deceduti con una variazione di -24,5% rispetto alla settimana precedente (196); 206.098 tamponi con una variazione di -7,8% rispetto alla settimana precedente (223.550). Lo riporta il bollettino settimanale COVID diffuso dal ministero della Salute.<br \/>Tasso di positivit\u00e0 del 13,3% con una variazione di +0,8% rispetto alla settimana precedente (12,5%). <br \/>Tasso di occupazione in area medica a 5,8% (3.620 ricoverati) rispetto a 5,7% (3.546 ricoverati) al 25 ottobre 2023.<br \/>Tasso di occupazione in terapia intensiva a 1,2% (102 ricoverati) rispetto a 1,3% (111 ricoverati) al 25 ottobre 2023.<br \/>&#8220;I dati sono sempre pi\u00f9 confortanti. Il Ministero della Salute continuer\u00e0 a tenere informata l&#8217;opinione pubblica sull&#8217;andamento delle malattie respiratorie oltre, naturalmente, il Covid.<br \/>In questa fase \u00e8 importante che si proteggano i pi\u00f9 fragili &#8211; spiega il Direttore Generale della Prevenzione Sanitaria del Ministero della Salute, Francesco Vaia -. Rinnoviamo il nostro invito alle Regioni che fanno pi\u00f9 fatica a rendere sempre pi\u00f9 il vaccino un farmaco di prossimit\u00e0, attivandosi soprattutto con i medici di famiglia e le farmacie, protagonisti indiscussi della fase acuta dell&#8217;emergenza&#8221;.<br \/>-foto ufficio stampa Ministero Salute &#8211;<br \/>(ITALPRESS).<\/div>\n<div id=\"div-gpt-ad-Messinaoggi.it-DSK-300x250-corpoart\" style=\"text-align:center;margin:0 auto;\"><\/div><\/p><div id=\"videoincontent\" style=\"clear:both\";><\/div>","protected":false},"excerpt":{"rendered":"<p>ROMA (ITALPRESS) &#8211; Calano del 2% i nuovi contagi da Covid nella settimana tra il 26 ottobre e l&#8217;1 novembre: 27.372 nuovi casi positivi con una variazione di -2 % rispetto alla settimana precedente (27.923); 148 deceduti con una variazione di -24,5% rispetto alla settimana precedente (196); 206.098 tamponi con una variazione di -7,8% rispetto [&hellip;]<\/p>\n","protected":false},"author":18,"featured_media":175268,"comment_status":"closed","ping_status":"closed","sticky":false,"template":"","format":"standard","meta":{"ub_ctt_via":"","_mi_skip_tracking":false},"categories":[221,446],"tags":[783],"featured_image_src":"https:\/\/www.messinaoggi.it\/website\/wp-content\/uploads\/2023\/11\/20231103_1311.jpg","author_info":{"display_name":"Admin","author_link":"https:\/\/www.messinaoggi.it\/website\/author\/admin\/"},"digistream_id":0,"digistream":false,"_links":{"self":[{"href":"https:\/\/www.messinaoggi.it\/website\/wp-json\/wp\/v2\/posts\/175267"}],"collection":[{"href":"https:\/\/www.messinaoggi.it\/website\/wp-json\/wp\/v2\/posts"}],"about":[{"href":"https:\/\/www.messinaoggi.it\/website\/wp-json\/wp\/v2\/types\/post"}],"author":[{"embeddable":true,"href":"https:\/\/www.messinaoggi.it\/website\/wp-json\/wp\/v2\/users\/18"}],"replies":[{"embeddable":true,"href":"https:\/\/www.messinaoggi.it\/website\/wp-json\/wp\/v2\/comments?post=175267"}],"version-history":[{"count":1,"href":"https:\/\/www.messinaoggi.it\/website\/wp-json\/wp\/v2\/posts\/175267\/revisions"}],"predecessor-version":[{"id":176252,"href":"https:\/\/www.messinaoggi.it\/website\/wp-json\/wp\/v2\/posts\/175267\/revisions\/176252"}],"wp:featuredmedia":[{"embeddable":true,"href":"https:\/\/www.messinaoggi.it\/website\/wp-json\/wp\/v2\/media\/175268"}],"wp:attachment":[{"href":"https:\/\/www.messinaoggi.it\/website\/wp-json\/wp\/v2\/media?parent=175267"}],"wp:term":[{"taxonomy":"category","embeddable":true,"href":"https:\/\/www.messinaoggi.it\/website\/wp-json\/wp\/v2\/categories?post=175267"},{"taxonomy":"post_tag","embeddable":true,"href":"https:\/\/www.messinaoggi.it\/website\/wp-json\/wp\/v2\/tags?post=175267"}],"curies":[{"name":"wp","href":"https:\/\/api.w.org\/{rel}","templated":true}]}}