{"id":17522,"date":"2018-03-28T12:26:00","date_gmt":"2018-03-28T10:26:00","guid":{"rendered":"http:\/\/www.messinaoggi.it\/website\/?p=17522"},"modified":"2018-03-28T12:26:00","modified_gmt":"2018-03-28T10:26:00","slug":"orlandina-basket-ingaggiata-la-guardia-play-adam-smith","status":"publish","type":"post","link":"https:\/\/www.messinaoggi.it\/website\/2018\/03\/28\/orlandina-basket-ingaggiata-la-guardia-play-adam-smith\/","title":{"rendered":"Orlandina Basket, ingaggiata la guardia-play Adam Smith"},"content":{"rendered":"<p><span style=\"color: #000000\"><span style=\"font-family: Arial, sans-serif\"><span style=\"font-size: medium\">Classe 1992, altezza 185 cm, paese di origine Stati Uniti. L&#8217;Orlandina Basket ha annunciato<\/span><\/span><\/span><span style=\"color: #000000\"><span style=\"font-family: Arial, sans-serif\"><span style=\"font-size: medium\"> di aver ingaggiato Adam Smith, che sar\u00e0 la guardia-play statunitense fino al termine della stagione. Proviene dal campionato di <\/span><\/span><\/span><span style=\"color: #000000\"><span style=\"font-family: Arial, sans-serif\"><span style=\"font-size: medium\">Serie A2<\/span><\/span><\/span><span style=\"color: #000000\"><span style=\"font-family: Arial, sans-serif\"><span style=\"font-size: medium\">, dove giocava con l&#8217;<\/span><\/span><\/span><span style=\"color: #000000\"><span style=\"font-family: Arial, sans-serif\"><span style=\"font-size: medium\">Agribertocchi Orzinuovi\u00a0<\/span><\/span><\/span><span style=\"color: #000000\"><span style=\"font-family: Arial, sans-serif\"><span style=\"font-size: medium\">segnando 21.8 punti con il 46% da due, il 47% da tre e il 90% ai liberi, aggiungendo 3.5 rimbalzi e 2.2 recuperi in 35.3 minuti a partita.<\/span><\/span><\/span><br \/>\n<span style=\"color: #000000\"><span style=\"font-family: Arial, sans-serif\"><span style=\"font-size: medium\">Smith, uscito da\u00a0<\/span><\/span><\/span><span style=\"color: #000000\"><span style=\"font-family: Arial, sans-serif\"><span style=\"font-size: medium\">Georgia Tech<\/span><\/span><\/span><span style=\"color: #000000\"><span style=\"font-family: Arial, sans-serif\"><span style=\"font-size: medium\">\u00a0nel<\/span><\/span><\/span><span style=\"color: #000000\"><span style=\"font-family: Arial, sans-serif\"><span style=\"font-size: medium\">\u00a02016<\/span><\/span><\/span><span style=\"color: #000000\"><span style=\"font-family: Arial, sans-serif\"><span style=\"font-size: medium\">\u00a0(15.0 punti, 2.3 rimbalzi, 1.9 assist da senior), ha giocato in Italia nella passata stagione, portando i colori di\u00a0<\/span><\/span><\/span><span style=\"color: #000000\"><span style=\"font-family: Arial, sans-serif\"><span style=\"font-size: medium\">Roseto<\/span><\/span><\/span><span style=\"color: #000000\"><span style=\"font-family: Arial, sans-serif\"><span style=\"font-size: medium\">\u00a0(Serie A2) segnando 23.6 punti con il 46.1% dal campo (41.5% da tre) e l&#8217;86.8% ai liberi con 3.0 rimbalzi e 2.3 in 37 partite tra regular season e playoff.<\/span><\/span><\/span><br \/>\n<span style=\"color: #000000\"><span style=\"font-family: Arial, sans-serif\"><span style=\"font-size: medium\">Ha iniziato la stagione attuale con i campioni di Francia dell&#8217;<\/span><\/span><\/span><span style=\"color: #000000\"><span style=\"font-family: Arial, sans-serif\"><span style=\"font-size: medium\">Elan Chalon<\/span><\/span><\/span><span style=\"color: #000000\"><span style=\"font-family: Arial, sans-serif\"><span style=\"font-size: medium\">, incrociando anche le strade dell&#8217;Orlandina in\u00a0<\/span><\/span><\/span><span style=\"color: #000000\"><span style=\"font-family: Arial, sans-serif\"><span style=\"font-size: medium\">Basketball Champions League<\/span><\/span><\/span><span style=\"color: #000000\"><span style=\"font-family: Arial, sans-serif\"><span style=\"font-size: medium\">\u00a0(25 punti, 7 rimbalzi e 8 assist nel successo dei francesi per 67-55 lo scorso 17 ottobre), passando in seguito dai turchi del\u00a0<\/span><\/span><\/span><span style=\"color: #000000\"><span style=\"font-family: Arial, sans-serif\"><span style=\"font-size: medium\">Socar Petkimspor<\/span><\/span><\/span><span style=\"color: #000000\"><span style=\"font-family: Arial, sans-serif\"><span style=\"font-size: medium\">\u00a0(17.5 punti, 2.3 assist, 2.0 rimbalzi) e quindi il ritorno in Italia a Orzinuovi, dove ha disputato 8 partite.<\/span><\/span><\/span><br \/>\n<span style=\"color: #000000\"><span style=\"font-family: Arial, sans-serif\"><span style=\"font-size: medium\">Entusiasta il Direttore Sportivo Orlandina Basket, Giuseppe Sindoni, che ha affermato<\/span><\/span><\/span><span style=\"color: #000000\"><span style=\"font-family: Arial, sans-serif\"><span style=\"font-size: medium\">: &#8220;<\/span><\/span><\/span><em><span style=\"color: #000000\"><span style=\"font-family: Arial, sans-serif\"><span style=\"font-size: medium\">A sei settimane dalla fine del campionato la nostra scelta \u00e8 ricaduta sul giocatore che a nostro modo di vedere pu\u00f2 avere pi\u00f9 impatto nell&#8217;immediato. La crescita di Stojanovic e la presenza di Atsur ci hanno spinto a scegliere un realizzatore puro che ci aiuter\u00e0 a decidere le partite con le sue giocate. Nell&#8217;ultimo mese siamo tornati a giocare un buon basket ma questo non \u00e8 stato sufficiente, adesso con una bocca di fuoco in pi\u00f9 dobbiamo tornare alla vittoria<\/span><\/span><\/span><\/em><span style=\"color: #000000\"><span style=\"font-family: Arial, sans-serif\"><span style=\"font-size: medium\">&#8220;.<\/span><\/span><\/span><div id=\"div-gpt-ad-Messinaoggi.it-DSK-300x250-corpoart\" style=\"text-align:center;margin:0 auto;\"><\/div><\/p>\n<div id=\"videoincontent\" style=\"clear:both\";><\/div>","protected":false},"excerpt":{"rendered":"<p>Classe 1992, altezza 185 cm, paese di origine Stati Uniti. L&#8217;Orlandina Basket ha annunciato di aver ingaggiato Adam Smith, che sar\u00e0 la guardia-play statunitense fino al termine della stagione. Proviene dal campionato di Serie A2, dove giocava con l&#8217;Agribertocchi Orzinuovi\u00a0segnando 21.8 punti con il 46% da due, il 47% da tre e il 90% ai [&hellip;]<\/p>\n","protected":false},"author":2,"featured_media":17523,"comment_status":"closed","ping_status":"open","sticky":false,"template":"","format":"standard","meta":{"ub_ctt_via":"","_mi_skip_tracking":false},"categories":[8,9],"tags":[],"featured_image_src":"https:\/\/www.messinaoggi.it\/website\/wp-content\/uploads\/2018\/03\/adam_smith_news-1.jpg","author_info":{"display_name":"Redazione","author_link":"https:\/\/www.messinaoggi.it\/website\/author\/redazione\/"},"digistream_id":0,"digistream":false,"_links":{"self":[{"href":"https:\/\/www.messinaoggi.it\/website\/wp-json\/wp\/v2\/posts\/17522"}],"collection":[{"href":"https:\/\/www.messinaoggi.it\/website\/wp-json\/wp\/v2\/posts"}],"about":[{"href":"https:\/\/www.messinaoggi.it\/website\/wp-json\/wp\/v2\/types\/post"}],"author":[{"embeddable":true,"href":"https:\/\/www.messinaoggi.it\/website\/wp-json\/wp\/v2\/users\/2"}],"replies":[{"embeddable":true,"href":"https:\/\/www.messinaoggi.it\/website\/wp-json\/wp\/v2\/comments?post=17522"}],"version-history":[{"count":0,"href":"https:\/\/www.messinaoggi.it\/website\/wp-json\/wp\/v2\/posts\/17522\/revisions"}],"wp:featuredmedia":[{"embeddable":true,"href":"https:\/\/www.messinaoggi.it\/website\/wp-json\/wp\/v2\/media\/17523"}],"wp:attachment":[{"href":"https:\/\/www.messinaoggi.it\/website\/wp-json\/wp\/v2\/media?parent=17522"}],"wp:term":[{"taxonomy":"category","embeddable":true,"href":"https:\/\/www.messinaoggi.it\/website\/wp-json\/wp\/v2\/categories?post=17522"},{"taxonomy":"post_tag","embeddable":true,"href":"https:\/\/www.messinaoggi.it\/website\/wp-json\/wp\/v2\/tags?post=17522"}],"curies":[{"name":"wp","href":"https:\/\/api.w.org\/{rel}","templated":true}]}}