{"id":175216,"date":"2023-11-03T10:38:40","date_gmt":"2023-11-03T09:38:40","guid":{"rendered":"http:\/\/www.messinaoggi.it\/website\/?p=175216"},"modified":"2023-11-03T13:58:28","modified_gmt":"2023-11-03T12:58:28","slug":"bluferries-da-rfi-a-mercitalia-uil-passaggio-dia-nuovo-slancio","status":"publish","type":"post","link":"https:\/\/www.messinaoggi.it\/website\/2023\/11\/03\/bluferries-da-rfi-a-mercitalia-uil-passaggio-dia-nuovo-slancio\/","title":{"rendered":"Bluferries da Rfi a Mercitalia, Uil: &#8220;Passaggio dia nuovo slancio&#8221;"},"content":{"rendered":"\n<p>Bluferries, societ\u00e0 del Gruppo Ferrovie dello Stato che si occupa del traghettamento dei passeggeri e dei mezzi di trasporto nello Stretto di Messina, entra a far parte del Polo Logistica. A dirlo in una nota sul proprio sito \u00e8 il Gruppo FS. <div id=\"div-gpt-ad-Messinaoggi.it-DSK-300x250-corpoart\" style=\"text-align:center;margin:0 auto;\"><\/div><\/p>\n\n\n\n<p>L\u2019operazione, in linea con il Piano Industriale 2022-2032 del Gruppo guidato dall\u2019Amministratore Delegato <strong>Luigi Ferraris<\/strong>, \u00e8 avvenuta attraverso un atto di scissione con l\u2019assegnazione delle quote rappresentative dell\u2019intero capitale sociale di Bluferries da Rete Ferroviaria Italiana in favore di Mercitalia Logistics.<div id=\"videoincontent\" style=\"clear:both\";><\/div><\/p>\n\n\n\n<p>La societ\u00e0 capofila del Polo Logistica diventa cos\u00ec il socio unico ed eserciter\u00e0 anche l\u2019attivit\u00e0 di direzione e coordinamento. L\u2019attivit\u00e0 consentir\u00e0 una maggiore integrazione mare-ferro-gomma in un\u2019ottica di sviluppo dei traffici a supporto dell\u2019economia del territorio. Resta salvaguardato il livello occupazionale dell\u2019operatore marittimo, oggi composto da oltre 170 persone.<\/p>\n\n\n\n<p>&#8220;Auspichiamo che il transito della societ\u00e0 di traghettamento merci sullo stretto Bluferries da Rete Ferroviaria Italiana a Mercitalia Logistics, societ\u00e0 capofila del Polo Logistica, sia un passo che dia ulteriore slancio ad una realt\u00e0 produttiva molto importante per l\u2019area dello Stretto di Messina &#8211; dichiara Michele Barresi segretario generale uiltrasporti Messina &#8211; e nel solco della continuit\u00e0 con la gestione di questi anni , la societ\u00e0 Bluferries mantenga ed incrementi il proprio ruolo strategico nel panorama marittimo di questa area . Bluferries negli anni ha progressivamente ampliato la propria quota di mercato e rinnovato la flotta &#8211; conclude Barresi &#8211; con livelli di occupazione sempre crescenti anche grazie ad una proficua interlocuzione con il sindacato che auspica, con questo transito societario, un ulteriore consolidamento di una realt\u00e0 preziosa per il tessuto imprenditoriale e sociale di questo territorio&#8221;.<\/p>\n\n\n\n<p><\/p>\n","protected":false},"excerpt":{"rendered":"<p>Bluferries, societ\u00e0 del Gruppo Ferrovie dello Stato che si occupa del traghettamento dei passeggeri e dei mezzi di trasporto nello Stretto di Messina, entra a far parte del Polo Logistica. A dirlo in una nota sul proprio sito \u00e8 il Gruppo FS. L\u2019operazione, in linea con il Piano Industriale 2022-2032 del Gruppo guidato dall\u2019Amministratore Delegato [&hellip;]<\/p>\n","protected":false},"author":15,"featured_media":24304,"comment_status":"open","ping_status":"open","sticky":false,"template":"","format":"standard","meta":{"ub_ctt_via":"","_mi_skip_tracking":false},"categories":[6],"tags":[8414,3146,8980,1023,2788,871],"featured_image_src":"https:\/\/www.messinaoggi.it\/website\/wp-content\/uploads\/2018\/09\/Aliscafo-Bluferries-Tindari-Jet-messinaoggiMarcyRuggi.jpg","author_info":{"display_name":"red.me","author_link":"https:\/\/www.messinaoggi.it\/website\/author\/red-me\/"},"digistream_id":0,"digistream":false,"_links":{"self":[{"href":"https:\/\/www.messinaoggi.it\/website\/wp-json\/wp\/v2\/posts\/175216"}],"collection":[{"href":"https:\/\/www.messinaoggi.it\/website\/wp-json\/wp\/v2\/posts"}],"about":[{"href":"https:\/\/www.messinaoggi.it\/website\/wp-json\/wp\/v2\/types\/post"}],"author":[{"embeddable":true,"href":"https:\/\/www.messinaoggi.it\/website\/wp-json\/wp\/v2\/users\/15"}],"replies":[{"embeddable":true,"href":"https:\/\/www.messinaoggi.it\/website\/wp-json\/wp\/v2\/comments?post=175216"}],"version-history":[{"count":2,"href":"https:\/\/www.messinaoggi.it\/website\/wp-json\/wp\/v2\/posts\/175216\/revisions"}],"predecessor-version":[{"id":175258,"href":"https:\/\/www.messinaoggi.it\/website\/wp-json\/wp\/v2\/posts\/175216\/revisions\/175258"}],"wp:featuredmedia":[{"embeddable":true,"href":"https:\/\/www.messinaoggi.it\/website\/wp-json\/wp\/v2\/media\/24304"}],"wp:attachment":[{"href":"https:\/\/www.messinaoggi.it\/website\/wp-json\/wp\/v2\/media?parent=175216"}],"wp:term":[{"taxonomy":"category","embeddable":true,"href":"https:\/\/www.messinaoggi.it\/website\/wp-json\/wp\/v2\/categories?post=175216"},{"taxonomy":"post_tag","embeddable":true,"href":"https:\/\/www.messinaoggi.it\/website\/wp-json\/wp\/v2\/tags?post=175216"}],"curies":[{"name":"wp","href":"https:\/\/api.w.org\/{rel}","templated":true}]}}