{"id":17520,"date":"2018-03-28T12:05:57","date_gmt":"2018-03-28T10:05:57","guid":{"rendered":"http:\/\/www.messinaoggi.it\/website\/?p=17520"},"modified":"2018-03-28T12:05:57","modified_gmt":"2018-03-28T10:05:57","slug":"maggioranza-in-alto-mare-allars-lassemblea-boccia-il-defr","status":"publish","type":"post","link":"https:\/\/www.messinaoggi.it\/website\/2018\/03\/28\/maggioranza-in-alto-mare-allars-lassemblea-boccia-il-defr\/","title":{"rendered":"Maggioranza in alto mare all&#039;Ars: l&#039;assemblea boccia il Defr"},"content":{"rendered":"<p lang=\"it-IT\" style=\"text-align: justify\" align=\"JUSTIFY\"><span style=\"color: #000000\">\u201c<span style=\"font-family: Arial, sans-serif\"><span style=\"font-size: medium\">Trovo molto pesanti le parole pronunciate dal Presidente Musumeci, che parlano di una sua richiesta di consegna in ostaggio\u201d. Cos\u00ec <strong>Daniele Vella<\/strong>, componente della direzione regionale del Partito Democratico. Ma a cosa si riferisce esattamente? Per capire meglio cosa sta succedendo in questi ultimi giorni all&#8217;Ars bisogna fare qualche passo a ritroso.<\/span><\/span><\/span><div id=\"div-gpt-ad-Messinaoggi.it-DSK-300x250-corpoart\" style=\"text-align:center;margin:0 auto;\"><\/div><\/p>\n<p style=\"text-align: justify\" align=\"JUSTIFY\"><span style=\"color: #000000\"><span style=\"font-family: Arial, sans-serif\"><span style=\"font-size: medium\"><span lang=\"it-IT\">La bolla che conteneva inizialmente la narrazione di un Musumeci uscito vittorioso dalle elezioni regionali dello scorso novembre sembra essersi sgonfiata. Anzi, \u00e8 probabile che sia addirittura scoppiata: <strong>il Presidente della Regione Siciliana a distanza di quasi cinque mesi continua a non avere una maggioranza solida all&#8217;Ars<\/strong> sulla quale poter contare, tanto da non essere stato in grado di approvare il Defr 2018-2020, il documento di economia e finanza regionale che dovrebbe dare una linea programmatica per quel che riguarda lo sviluppo economico-finanziario dell&#8217;Isola per i prossimi tre anni. Infatti, l&#8217;ordine del giorno relativo all&#8217;approbazione di tale documento \u00e8 stato bocciato per un solo voto<\/span><\/span><\/span><\/span><span style=\"color: #000000\"><span style=\"font-family: Arial, sans-serif\"><span style=\"font-size: medium\"><span lang=\"it-IT\">, con 32 voti contrari e 32 favorevoli <\/span><\/span><\/span><\/span><span style=\"color: #000000\"><span style=\"font-family: Arial, sans-serif\"><span style=\"font-size: medium\"><span lang=\"it-IT\">su 65 presenti (un deputato non ha votato); M5S e PD hanno votato contro. Da qui le dure dichiarazioni di Musumeci, il quale ha affermato: \u201cNon sar\u00f2 ostaggio di nessuno, n\u00e9 io n\u00e9 il mio governo&#8221;. A niente sono serviti gli appelli all&#8217;opposizione, volti ad invocare il senso di responsabilit\u00e0 nell&#8217;interesse della Regione. Anzi, le critiche non si sono fatte attendere, tra le quali\u00a0 troviamo anche quella del gi\u00e0 citato Vella, che in conclusione della sua nota ha affermato: &#8220;Musumeci dovrebbe spiegare alla Sicilia come intende proseguire la sua esperienza di governo, perch\u00e9 una maggioranza cos\u00ec allo sbando ed un governo immobile non \u00e8 ci\u00f2 che ci meritiamo\u201d.<\/span><\/span><\/span><\/span><div id=\"videoincontent\" style=\"clear:both\";><\/div><\/p>\n<p style=\"text-align: justify\" align=\"JUSTIFY\"><span style=\"color: #000000\">\u201c<span style=\"font-family: Arial, sans-serif\"><span style=\"font-size: medium\"><span lang=\"it-IT\"><b>Incapaci di declinare interventi strutturali\u201d.<\/b><\/span><\/span><\/span><\/span><span style=\"color: #000000\"><span style=\"font-family: Arial, sans-serif\"><span style=\"font-size: medium\"><span lang=\"it-IT\"> Tra le altre voci contro il Presidente regionale troviamo anche quella di Cateno De Luca, esponente del Gruppo Misto che con ironia ha affermato: &#8220;Senza polemica credo utile che il Governo ritiri questo documento e lo sintetizzi con una frase di due righe: &#8216;Non siamo in grado di declinare gli interventi strutturali di cui c\u2019\u00e8 bisogno&#8217;. Abbiamo persino nominato una Commissione di saggi per sentirci dire quello che conoscevamo da tempo, una lista di statistiche trite e ritrite. Dal presidente Musumeci e dall&#8217;assessore Armao mi sarei aspettato piuttosto un documento con un\u2019anima ed una visione&#8221;. <\/span><\/span><\/span><\/span><\/p>\n<p style=\"text-align: justify\" align=\"JUSTIFY\"><span style=\"color: #000000\">\u201c<span style=\"font-family: Arial, sans-serif\"><span style=\"font-size: medium\"><span lang=\"it-IT\"><b>Un documento drammaticamente vuoto\u201d.<\/b><\/span><\/span><span lang=\"it-IT\"> Duro anche l&#8217;intervento di Antonello Cracolici, parlamentare PD all&#8217;Ars che ha affermato: &#8220;Il Defr del governo Musumeci \u00e8 drammaticamente vuoto. \u00c8 il primo documento con il quale l&#8217;esecutivo si presenta in aula, e non contiene nessuna scelta di indirizzo. Ci sono solo una serie di &#8216;auspici, di &#8216;titoli&#8217; sui quali siamo tutti d&#8217;accordo: bisogna sostenere lo sviluppo, l&#8217;economia e l&#8217;occupazione. Come fare, per\u00f2, non c&#8217;\u00e8 scritto\u201d.<\/span><\/span><\/span><\/p>\n<p style=\"text-align: justify\" align=\"LEFT\"><strong><span style=\"color: #000000\">\u201c<span style=\"font-family: Arial, sans-serif\"><span style=\"font-size: medium\"><span lang=\"it-IT\"><b>Musumeci arrogante\u201d.<\/b><\/span><\/span><\/span><\/span><\/strong><span style=\"color: #000000\"><span style=\"font-family: Arial, sans-serif\"><span lang=\"it-IT\"> Naufragato un possibile accordo con Cancelleri, adesso anche i pentastellati sono passati all&#8217;attacco: &#8220;Le parole di un oltremodo innervosito ed arrogante Musumeci<\/span><span lang=\"it-IT\">, che pretende di fare pure la paternale, sono irricevibili. Musumeci dovrebbe avere rispetto per la Sicilia e compiere un gesto di grande responsablit\u00e0, prendendo atto che non ci sono pi\u00f9 le condizioni minime per governare: si deve dimettere\u201d, si legge in una nota a firma del gruppo parlamentare del <\/span><span lang=\"it-IT\">Movimento 5 Stelle<\/span><span lang=\"it-IT\">.<\/span><\/span><\/span><\/p>\n","protected":false},"excerpt":{"rendered":"<p>\u201cTrovo molto pesanti le parole pronunciate dal Presidente Musumeci, che parlano di una sua richiesta di consegna in ostaggio\u201d. Cos\u00ec Daniele Vella, componente della direzione regionale del Partito Democratico. Ma a cosa si riferisce esattamente? Per capire meglio cosa sta succedendo in questi ultimi giorni all&#8217;Ars bisogna fare qualche passo a ritroso. La bolla che [&hellip;]<\/p>\n","protected":false},"author":10,"featured_media":12060,"comment_status":"closed","ping_status":"open","sticky":false,"template":"","format":"standard","meta":{"ub_ctt_via":"","_mi_skip_tracking":false},"categories":[11],"tags":[],"featured_image_src":"https:\/\/www.messinaoggi.it\/website\/wp-content\/uploads\/2017\/11\/palazzo-dei-normanni-sede-Ars-Palermo-messinaoggiMR.jpg","author_info":{"display_name":"Paolo Mustica","author_link":"https:\/\/www.messinaoggi.it\/website\/author\/p-mustica\/"},"digistream_id":0,"digistream":false,"_links":{"self":[{"href":"https:\/\/www.messinaoggi.it\/website\/wp-json\/wp\/v2\/posts\/17520"}],"collection":[{"href":"https:\/\/www.messinaoggi.it\/website\/wp-json\/wp\/v2\/posts"}],"about":[{"href":"https:\/\/www.messinaoggi.it\/website\/wp-json\/wp\/v2\/types\/post"}],"author":[{"embeddable":true,"href":"https:\/\/www.messinaoggi.it\/website\/wp-json\/wp\/v2\/users\/10"}],"replies":[{"embeddable":true,"href":"https:\/\/www.messinaoggi.it\/website\/wp-json\/wp\/v2\/comments?post=17520"}],"version-history":[{"count":0,"href":"https:\/\/www.messinaoggi.it\/website\/wp-json\/wp\/v2\/posts\/17520\/revisions"}],"wp:featuredmedia":[{"embeddable":true,"href":"https:\/\/www.messinaoggi.it\/website\/wp-json\/wp\/v2\/media\/12060"}],"wp:attachment":[{"href":"https:\/\/www.messinaoggi.it\/website\/wp-json\/wp\/v2\/media?parent=17520"}],"wp:term":[{"taxonomy":"category","embeddable":true,"href":"https:\/\/www.messinaoggi.it\/website\/wp-json\/wp\/v2\/categories?post=17520"},{"taxonomy":"post_tag","embeddable":true,"href":"https:\/\/www.messinaoggi.it\/website\/wp-json\/wp\/v2\/tags?post=17520"}],"curies":[{"name":"wp","href":"https:\/\/api.w.org\/{rel}","templated":true}]}}