{"id":175139,"date":"2023-11-02T15:14:12","date_gmt":"2023-11-02T14:14:12","guid":{"rendered":"http:\/\/www.messinaoggi.it\/website\/?p=175139"},"modified":"2023-11-02T15:55:36","modified_gmt":"2023-11-02T14:55:36","slug":"modica-metamorfosi-inspiegabile-avremmo-voluto-giocarla-prima","status":"publish","type":"post","link":"https:\/\/www.messinaoggi.it\/website\/2023\/11\/02\/modica-metamorfosi-inspiegabile-avremmo-voluto-giocarla-prima\/","title":{"rendered":"Modica: &#8220;Metamorfosi inspiegabile, avremmo voluto giocarla prima&#8221;"},"content":{"rendered":"\n<p>Mister Giacomo Modica si \u00e8 presentato ieri in conferenza stampa dopo la sconfitta per 2 a 0 in casa del Taranto, rispondendo cos\u00ec alle domande dei giornalisti. <div id=\"div-gpt-ad-Messinaoggi.it-DSK-300x250-corpoart\" style=\"text-align:center;margin:0 auto;\"><\/div><\/p>\n\n\n\n<p>Ad un giornalista che ha parlato di vittoria schiacciante del Taranto, ha risposto:<div id=\"videoincontent\" style=\"clear:both\";><\/div><\/p>\n\n\n\n<p>\u201cLe faccio passare per buono schiacciante perch\u00e9 loro l&#8217;hanno costruita nel primo tempo e se mi parla del primo tempo le do ragione, perch\u00e9 invece nel secondo tempo Fumagalli non ha dovuto fare parate. Detto questo, il problema tattico che ci ha portati ad adottare un altro sistema \u2013 ndr difesa a 5 &#8211; \u00e8 dovuto al fatto che loro sono bravi sulle palle inattive. Volevo mettere centimetri, perch\u00e9 parecchie partite ora si sbloccano in calcio da fermo, avevamo provato anche in allenamento. Senza nulla togliere ai meriti del Taranto, che nel primo tempo ha costruito la vittoria e faccio loro i complimenti, ma noi non siamo stati bravi a leggere quelle situazioni. Abbiamo lasciato Kanoute da solo con Pacciardi, \u00e8 stato un suicidio. Abbiamo perso nel primo tempo e sono d&#8217;accordo con lei se dice che \u00e8 stata una vittoria importante, ma non schiacciante. Nel secondo tempo abbiamo provato e il Taranto si \u00e8 chiuso bene e ha difeso bene. Quello \u00e8 il Taranto e poi noi non siamo stati bravi a cercare di arginare e trovare l&#8217;imbucata per vincere. Non abbiamo mai provato a fare neanche l&#8217;uno contro uno: sui meriti della vittoria del Taranto nessuno discute ma schiacciante mi sembra un pochino eccessivo\u201d.<\/p>\n\n\n\n<p>Ha continuato poi la sua analisi: \u201cAbbiamo letto male e fatto fatica da morire dopo il 25\u2019. Purtroppo, avevo gi\u00e0 in testa di farlo dopo l&#8217;uno a zero, ma dopo il 25\u2019 era gi\u00e0 due a zero e abbiamo provato a cercare di raddrizzare la situazione senza riuscirci, perch\u00e9 la partita gi\u00e0 era chiusa. Infatti, loro poi sono stati bravissimi a chiudersi e non siamo stati bravi a ripeterci come abbiamo fatto col Crotone. Sotto questo punto di vista devo ancora forse entrare dentro la squadra e capirla. In tre giorni mi fa una metamorfosi letteralmente opposta rispetto a quella che abbiamo visto a Crotone. cos\u00ec come quella che avevo visto a Picerno e subito dopo col Brindisi. \u00c8 vero che in tre giorni abbiamo fatto 21 ore di pullman e non ci siamo allenati, per\u00f2 anche il Taranto ha giocato domenica quindi diciamo che il Taranto aveva una gamba diversa una spinta diversa una voglia diversa e non gli togliamo i meriti io devo andare solo a capire perch\u00e9 la mia squadra si comporta cos\u00ec, al di l\u00e0 del sistema di gioco, perch\u00e9 il sistema \u00e8 relativo. \u00c8 come occupi gli spazi e attacchi gli spazi che conta e noi siamo stati sempre secondi su tutte le palle. Avremmo dovuto fare un gol quantomeno.\u201d.<\/p>\n\n\n\n<p>Mister Modica avrebbe preferito giocare con il Taranto prima, seguendo il regolare calendario e quindi senza rinviare la partita \u201cperch\u00e9 adesso avremmo evitato di fare quattro partite in sette giorni. Secondo ma il Taranto in quel periodo non mi sembrava cos\u00ec in palla, era la logica del momento. Non vedevo la necessit\u00e0 di spostarla. Pensavo alla mia squadra, non a fare polemiche col Taranto. Non ci alleniamo da un mese, da giorno 5, dalla partita col Catania in Coppa Italia\u201d.<\/p>\n","protected":false},"excerpt":{"rendered":"<p>Mister Giacomo Modica si \u00e8 presentato ieri in conferenza stampa dopo la sconfitta per 2 a 0 in casa del Taranto, rispondendo cos\u00ec alle domande dei giornalisti. Ad un giornalista che ha parlato di vittoria schiacciante del Taranto, ha risposto: \u201cLe faccio passare per buono schiacciante perch\u00e9 loro l&#8217;hanno costruita nel primo tempo e se [&hellip;]<\/p>\n","protected":false},"author":15,"featured_media":175141,"comment_status":"open","ping_status":"open","sticky":false,"template":"","format":"standard","meta":{"ub_ctt_via":"","_mi_skip_tracking":false},"categories":[10,9],"tags":[24,6810,6806,8287,503],"featured_image_src":"https:\/\/www.messinaoggi.it\/website\/wp-content\/uploads\/2023\/11\/IMG-20231102-WA0010.jpg","author_info":{"display_name":"red.me","author_link":"https:\/\/www.messinaoggi.it\/website\/author\/red-me\/"},"digistream_id":0,"digistream":false,"_links":{"self":[{"href":"https:\/\/www.messinaoggi.it\/website\/wp-json\/wp\/v2\/posts\/175139"}],"collection":[{"href":"https:\/\/www.messinaoggi.it\/website\/wp-json\/wp\/v2\/posts"}],"about":[{"href":"https:\/\/www.messinaoggi.it\/website\/wp-json\/wp\/v2\/types\/post"}],"author":[{"embeddable":true,"href":"https:\/\/www.messinaoggi.it\/website\/wp-json\/wp\/v2\/users\/15"}],"replies":[{"embeddable":true,"href":"https:\/\/www.messinaoggi.it\/website\/wp-json\/wp\/v2\/comments?post=175139"}],"version-history":[{"count":2,"href":"https:\/\/www.messinaoggi.it\/website\/wp-json\/wp\/v2\/posts\/175139\/revisions"}],"predecessor-version":[{"id":175145,"href":"https:\/\/www.messinaoggi.it\/website\/wp-json\/wp\/v2\/posts\/175139\/revisions\/175145"}],"wp:featuredmedia":[{"embeddable":true,"href":"https:\/\/www.messinaoggi.it\/website\/wp-json\/wp\/v2\/media\/175141"}],"wp:attachment":[{"href":"https:\/\/www.messinaoggi.it\/website\/wp-json\/wp\/v2\/media?parent=175139"}],"wp:term":[{"taxonomy":"category","embeddable":true,"href":"https:\/\/www.messinaoggi.it\/website\/wp-json\/wp\/v2\/categories?post=175139"},{"taxonomy":"post_tag","embeddable":true,"href":"https:\/\/www.messinaoggi.it\/website\/wp-json\/wp\/v2\/tags?post=175139"}],"curies":[{"name":"wp","href":"https:\/\/api.w.org\/{rel}","templated":true}]}}