{"id":175131,"date":"2023-11-02T13:08:05","date_gmt":"2023-11-02T12:08:05","guid":{"rendered":"https:\/\/www.messinaoggi.it\/website\/2023\/11\/02\/riforme-meloni-lautonomia-cammina-di-pari-passo-con-il-premierato\/"},"modified":"2023-11-02T13:08:05","modified_gmt":"2023-11-02T12:08:05","slug":"riforme-meloni-lautonomia-cammina-di-pari-passo-con-il-premierato","status":"publish","type":"post","link":"https:\/\/www.messinaoggi.it\/website\/2023\/11\/02\/riforme-meloni-lautonomia-cammina-di-pari-passo-con-il-premierato\/","title":{"rendered":"Riforme, Meloni \u201cL\u2019autonomia cammina di pari passo con il premierato\u201d"},"content":{"rendered":"<div>ROMA (ITALPRESS) &#8211; &#8220;L&#8217;autonomia differenziata cammina di pari passo con il premierato, le due cose si tengono insieme&#8221;. Lo dice Giorgia Meloni a Bruno Vespa per il libro &#8216;Il rancore e la speranz\u00e0 in uscita mercoled\u00ec 8 novembre.<br \/>&#8220;Oggi il grande vulnus \u00e8 dato dal fatto che le regioni hanno un&#8217;autorevolezza e una stabilit\u00e0 che mancano al governo centrale, perch\u00e8 il presidente del Consiglio non \u00e8 eletto direttamente. Se vuoi dare ulteriori poteri alle regioni virtuose, devi avere i giusti contrappesi &#8211; sottolinea il presidente del Consiglio -. Noi potremo trasferire altre risorse e competenze nel rapporto bilaterale con le regioni che lo meritano, a patto di non togliere nulla alle altre. Perci\u00f2 \u00e8 indispensabile stabilire la soglia dei servizi essenziali sotto la quale nessuna regione pu\u00f2 andare&#8221;. &#8220;Come mai alcune regioni meridionali dicono di essere penalizzate?&#8221;, chiede Vespa. &#8220;Non mi stupisce &#8211; risponde il presidente del Consiglio &#8211; che le prime a scagliarsi siano quelle in fondo alla classifica della capacit\u00e0 di spendere i fondi europei di coesione&#8221;.<div id=\"div-gpt-ad-Messinaoggi.it-DSK-300x250-corpoart\" style=\"text-align:center;margin:0 auto;\"><\/div><\/p>\n<p>&#8211; Foto: Agenzia Fotogramma &#8211;<div id=\"videoincontent\" style=\"clear:both\";><\/div><\/p>\n<p>(ITALPRESS).<\/p><\/div>\n","protected":false},"excerpt":{"rendered":"<p>ROMA (ITALPRESS) &#8211; &#8220;L&#8217;autonomia differenziata cammina di pari passo con il premierato, le due cose si tengono insieme&#8221;. Lo dice Giorgia Meloni a Bruno Vespa per il libro &#8216;Il rancore e la speranz\u00e0 in uscita mercoled\u00ec 8 novembre.&#8220;Oggi il grande vulnus \u00e8 dato dal fatto che le regioni hanno un&#8217;autorevolezza e una stabilit\u00e0 che mancano [&hellip;]<\/p>\n","protected":false},"author":18,"featured_media":175132,"comment_status":"closed","ping_status":"closed","sticky":false,"template":"","format":"standard","meta":{"ub_ctt_via":"","_mi_skip_tracking":false},"categories":[446],"tags":[783],"featured_image_src":"https:\/\/www.messinaoggi.it\/website\/wp-content\/uploads\/2023\/11\/20231102_0420.jpg","author_info":{"display_name":"Admin","author_link":"https:\/\/www.messinaoggi.it\/website\/author\/admin\/"},"digistream_id":0,"digistream":false,"_links":{"self":[{"href":"https:\/\/www.messinaoggi.it\/website\/wp-json\/wp\/v2\/posts\/175131"}],"collection":[{"href":"https:\/\/www.messinaoggi.it\/website\/wp-json\/wp\/v2\/posts"}],"about":[{"href":"https:\/\/www.messinaoggi.it\/website\/wp-json\/wp\/v2\/types\/post"}],"author":[{"embeddable":true,"href":"https:\/\/www.messinaoggi.it\/website\/wp-json\/wp\/v2\/users\/18"}],"replies":[{"embeddable":true,"href":"https:\/\/www.messinaoggi.it\/website\/wp-json\/wp\/v2\/comments?post=175131"}],"version-history":[{"count":0,"href":"https:\/\/www.messinaoggi.it\/website\/wp-json\/wp\/v2\/posts\/175131\/revisions"}],"wp:featuredmedia":[{"embeddable":true,"href":"https:\/\/www.messinaoggi.it\/website\/wp-json\/wp\/v2\/media\/175132"}],"wp:attachment":[{"href":"https:\/\/www.messinaoggi.it\/website\/wp-json\/wp\/v2\/media?parent=175131"}],"wp:term":[{"taxonomy":"category","embeddable":true,"href":"https:\/\/www.messinaoggi.it\/website\/wp-json\/wp\/v2\/categories?post=175131"},{"taxonomy":"post_tag","embeddable":true,"href":"https:\/\/www.messinaoggi.it\/website\/wp-json\/wp\/v2\/tags?post=175131"}],"curies":[{"name":"wp","href":"https:\/\/api.w.org\/{rel}","templated":true}]}}