{"id":175119,"date":"2023-11-02T11:46:40","date_gmt":"2023-11-02T10:46:40","guid":{"rendered":"http:\/\/www.messinaoggi.it\/website\/?p=175119"},"modified":"2023-11-02T11:46:47","modified_gmt":"2023-11-02T10:46:47","slug":"giornalismo-valerio-pellizzari-ospite-del-dicam","status":"publish","type":"post","link":"https:\/\/www.messinaoggi.it\/website\/2023\/11\/02\/giornalismo-valerio-pellizzari-ospite-del-dicam\/","title":{"rendered":"Giornalismo, Valerio Pellizzari ospite del DiCAM"},"content":{"rendered":"\n<p>Due giornate formative con Valerio Pellizzari, noto inviato speciale presso importanti testate giornalistiche italiane e internazionali. \u00c8 quanto ospiter\u00e0 mercoled\u00ec 8 e gioved\u00ec 9 novembre il Dipartimento di Civilt\u00e0 antiche e moderne dell\u2019Universit\u00e0 di Messina. La due giorni \u00e8 rivolta soprattutto ai dottorandi e agli studenti dei Corsi di Studio in giornalismo e scienze storiche.<div id=\"div-gpt-ad-Messinaoggi.it-DSK-300x250-corpoart\" style=\"text-align:center;margin:0 auto;\"><\/div><\/p>\n\n\n\n<p>Il seminario di mercoled\u00ec inizier\u00e0 alle 10 e 30 in aula 21 e sar\u00e0 dedicato alla figura e al difficile mestiere dell\u2019inviato speciale, ieri come oggi, al suo lavoro di \u201cterreno\u201d, ai metodi di rilevamento, alle fonti, alle modalit\u00e0 comunicative, al rapporto tra Pellizzari e gli studiosi di scienze politico-sociali e altri grandi inviati con cui ha lavorato intensamente (da Kapuscinski a Mo, Sgrena e Terzani).<div id=\"videoincontent\" style=\"clear:both\";><\/div><\/p>\n\n\n\n<p>Nel seminario di gioved\u00ec, che inizier\u00e0 alle 8 e 30 in aula 16, si parler\u00e0 delle principali inchieste svolte da Pellizzari nella sua lunga attivit\u00e0 professionale, in contesti tra i pi\u00f9 conflittuali del mondo (dai Balcani a piazza Tienanmen, dall\u2019Unione Sovietica all\u2019Iraq e Afghanistan fino alla Corea del Nord).<\/p>\n","protected":false},"excerpt":{"rendered":"<p>Due giornate formative con Valerio Pellizzari, noto inviato speciale presso importanti testate giornalistiche italiane e internazionali. \u00c8 quanto ospiter\u00e0 mercoled\u00ec 8 e gioved\u00ec 9 novembre il Dipartimento di Civilt\u00e0 antiche e moderne dell\u2019Universit\u00e0 di Messina. La due giorni \u00e8 rivolta soprattutto ai dottorandi e agli studenti dei Corsi di Studio in giornalismo e scienze storiche. [&hellip;]<\/p>\n","protected":false},"author":8,"featured_media":175120,"comment_status":"open","ping_status":"open","sticky":false,"template":"","format":"standard","meta":{"ub_ctt_via":"","_mi_skip_tracking":false},"categories":[7],"tags":[6233,814,8975],"featured_image_src":"https:\/\/www.messinaoggi.it\/website\/wp-content\/uploads\/2023\/11\/Valerio-Pellizzari.jpg","author_info":{"display_name":"red..me","author_link":"https:\/\/www.messinaoggi.it\/website\/author\/redstage\/"},"digistream_id":0,"digistream":false,"_links":{"self":[{"href":"https:\/\/www.messinaoggi.it\/website\/wp-json\/wp\/v2\/posts\/175119"}],"collection":[{"href":"https:\/\/www.messinaoggi.it\/website\/wp-json\/wp\/v2\/posts"}],"about":[{"href":"https:\/\/www.messinaoggi.it\/website\/wp-json\/wp\/v2\/types\/post"}],"author":[{"embeddable":true,"href":"https:\/\/www.messinaoggi.it\/website\/wp-json\/wp\/v2\/users\/8"}],"replies":[{"embeddable":true,"href":"https:\/\/www.messinaoggi.it\/website\/wp-json\/wp\/v2\/comments?post=175119"}],"version-history":[{"count":1,"href":"https:\/\/www.messinaoggi.it\/website\/wp-json\/wp\/v2\/posts\/175119\/revisions"}],"predecessor-version":[{"id":175121,"href":"https:\/\/www.messinaoggi.it\/website\/wp-json\/wp\/v2\/posts\/175119\/revisions\/175121"}],"wp:featuredmedia":[{"embeddable":true,"href":"https:\/\/www.messinaoggi.it\/website\/wp-json\/wp\/v2\/media\/175120"}],"wp:attachment":[{"href":"https:\/\/www.messinaoggi.it\/website\/wp-json\/wp\/v2\/media?parent=175119"}],"wp:term":[{"taxonomy":"category","embeddable":true,"href":"https:\/\/www.messinaoggi.it\/website\/wp-json\/wp\/v2\/categories?post=175119"},{"taxonomy":"post_tag","embeddable":true,"href":"https:\/\/www.messinaoggi.it\/website\/wp-json\/wp\/v2\/tags?post=175119"}],"curies":[{"name":"wp","href":"https:\/\/api.w.org\/{rel}","templated":true}]}}