{"id":175070,"date":"2023-11-01T12:08:01","date_gmt":"2023-11-01T11:08:01","guid":{"rendered":"https:\/\/www.messinaoggi.it\/website\/2023\/11\/01\/ferrarelle-strategia-a-360-gradi-per-la-sostenibilita\/"},"modified":"2023-11-01T12:08:01","modified_gmt":"2023-11-01T11:08:01","slug":"ferrarelle-strategia-a-360-gradi-per-la-sostenibilita","status":"publish","type":"post","link":"https:\/\/www.messinaoggi.it\/website\/2023\/11\/01\/ferrarelle-strategia-a-360-gradi-per-la-sostenibilita\/","title":{"rendered":"Ferrarelle, strategia a 360 gradi per la sostenibilit\u00e0"},"content":{"rendered":"<div>ROMA (ITALPRESS) &#8211; &#8220;Noi come Ferrarelle abbiamo intrapreso un percorso molto lungo che ormai fa parte della nostra storia e della nostra quotidianit\u00e0, portando la sostenibilit\u00e0 a tutti i diversi livelli dell&#8217;azienda. Quindi non \u00e8 piu solo un&#8217;attivit\u00e0 che riguarda la parte ambiente, ma si traduce in azioni concrete sia nella gestione delle politiche interne, sia per quanto riguarda il territorio e il sociale&#8221;. Cos\u00ec Aldo Mastellone, direttore della comunicazione di Ferrarelle, intervistato dall&#8217;Italpress. &#8220;Noi siamo un&#8217;azienda che ha spinto molto,  in quanto produttori di bottiglie in Pet, sulla creazione di una cultura di consumi consapevoli attraverso l&#8217;educazione e l&#8217;informazione rispetto alla plastica vera e propria &#8211; aggiunge -, perch\u00e8 la plastica non \u00e8 tutta uguale. In particolare noi utilizziamo il Pet che \u00e8 una plastica molto nobile, ma siamo molto impegnati e investiamo nell&#8217;utilizzo di R-pet, ovvero una plastica riciclata; la plastica delle bottiglie viene riciclata e torna a nuova vita, possibilmente hanno infinite vite perch\u00e8 l&#8217;R-pet una volta riciclato continua a mantenere le sue propriet\u00e0 e, anche quando esaurisce il suo ciclo vitale pu\u00f2 diventare indumenti, suppellettili, giochi per bambini nei parchi pubblici. Al momento noi utilizziamo tra il 27 e il 30% di plastica riciclata R-pet in tutta la linea Ferrarelle effervescente naturale, e continuiamo a investire perch\u00e8 il nostro obiettivo \u00e8 aumentare  questo target. Noi crediamo che la plastica sia un materiale nobile e che vada difesa contro gli slogan che sono lontani dalla scienza&#8221;, spiega.<br \/>Mastellone racconta poi che Ferrarelle ha &#8220;un&#8217;azienda che si chiama Amedei che si trova in Toscana nella chocolate valley vicino Pisa e Pontedera e, per incartare le nostre produzioni artigianali di cioccolato di alta qualit\u00e0, utilizziamo la carta Flora, si tratta di un progetto molto particolare di cui siamo orgogliosi che utilizza gli scarti di lavorazione del cacao, quindi bucce delle fave per produrre incartamenti di questi prodotti. Contiamo di espandere questo progetto anche con altri partner che vogliono utilizzare questo stesso tipo di tecnologia &#8211; sottolinea -, perch\u00e8 crediamo che questa sostenibilit\u00e0 debba essere condivisa. Attraverso tutti questi progetti che hanno portato un investimento dal punto di vista della sostenibilit\u00e0, siamo stati premiati dal Ceoforlife proprio per questa strategia a 360 gradi che di fatto fa parte anche della nostra natura di essere una societ\u00e0 benefit, una societ\u00e0 che intende restituire al territorio parte di quello che preleva&#8221;.<br \/>Per il responsabile della comunicazione di Ferrarelle \u00e8 necessario &#8220;essere responsabili ogni giorno in tutte le scelte che si fanno anche dal punto di vista del business, noi ci consideriamo contadini dell&#8217;acqua e come i contadini si prendono cura della propria terra affinch\u00e8 possa dare frutti, noi ci prendiamo cura dell&#8217;acqua di cui siamo produttori, lo facciamo tutelando la salute dei bacini idrici affinch\u00e8 possano sempre essere al top delle loro caratteristiche e permettere una grande longevit\u00e0 affinch\u00e8 questa eredit\u00e0 possa continuare per i nostri figli. Investiamo anche in avanzamenti tecnologici che cercano di ridurre l&#8217;impatto ambientale &#8211; prosegue -, questo lo dimostra il fatto che siamo stati tra i primi che hanno investito in pannelli fotovoltaici al Sud Italia coprendo tutti i nostri tetti e creando un parco solare molto importante dove abbiamo il nostro stabilimento principale&#8221;.<div id=\"div-gpt-ad-Messinaoggi.it-DSK-300x250-corpoart\" style=\"text-align:center;margin:0 auto;\"><\/div><\/p>\n<p>&#8211; Foto Italpress &#8211;<div id=\"videoincontent\" style=\"clear:both\";><\/div><\/p>\n<p>(ITALPRESS).<\/p><\/div>\n","protected":false},"excerpt":{"rendered":"<p>ROMA (ITALPRESS) &#8211; &#8220;Noi come Ferrarelle abbiamo intrapreso un percorso molto lungo che ormai fa parte della nostra storia e della nostra quotidianit\u00e0, portando la sostenibilit\u00e0 a tutti i diversi livelli dell&#8217;azienda. Quindi non \u00e8 piu solo un&#8217;attivit\u00e0 che riguarda la parte ambiente, ma si traduce in azioni concrete sia nella gestione delle politiche interne, [&hellip;]<\/p>\n","protected":false},"author":18,"featured_media":175071,"comment_status":"closed","ping_status":"closed","sticky":false,"template":"","format":"standard","meta":{"ub_ctt_via":"","_mi_skip_tracking":false},"categories":[446],"tags":[783],"featured_image_src":"https:\/\/www.messinaoggi.it\/website\/wp-content\/uploads\/2023\/11\/20231101_0205.jpg","author_info":{"display_name":"Admin","author_link":"https:\/\/www.messinaoggi.it\/website\/author\/admin\/"},"digistream_id":0,"digistream":false,"_links":{"self":[{"href":"https:\/\/www.messinaoggi.it\/website\/wp-json\/wp\/v2\/posts\/175070"}],"collection":[{"href":"https:\/\/www.messinaoggi.it\/website\/wp-json\/wp\/v2\/posts"}],"about":[{"href":"https:\/\/www.messinaoggi.it\/website\/wp-json\/wp\/v2\/types\/post"}],"author":[{"embeddable":true,"href":"https:\/\/www.messinaoggi.it\/website\/wp-json\/wp\/v2\/users\/18"}],"replies":[{"embeddable":true,"href":"https:\/\/www.messinaoggi.it\/website\/wp-json\/wp\/v2\/comments?post=175070"}],"version-history":[{"count":0,"href":"https:\/\/www.messinaoggi.it\/website\/wp-json\/wp\/v2\/posts\/175070\/revisions"}],"wp:featuredmedia":[{"embeddable":true,"href":"https:\/\/www.messinaoggi.it\/website\/wp-json\/wp\/v2\/media\/175071"}],"wp:attachment":[{"href":"https:\/\/www.messinaoggi.it\/website\/wp-json\/wp\/v2\/media?parent=175070"}],"wp:term":[{"taxonomy":"category","embeddable":true,"href":"https:\/\/www.messinaoggi.it\/website\/wp-json\/wp\/v2\/categories?post=175070"},{"taxonomy":"post_tag","embeddable":true,"href":"https:\/\/www.messinaoggi.it\/website\/wp-json\/wp\/v2\/tags?post=175070"}],"curies":[{"name":"wp","href":"https:\/\/api.w.org\/{rel}","templated":true}]}}