{"id":175049,"date":"2023-11-01T09:08:01","date_gmt":"2023-11-01T08:08:01","guid":{"rendered":"https:\/\/www.messinaoggi.it\/website\/2023\/11\/01\/berlusconi-fascina-non-ho-superato-lutto-ma-tornero-in-parlamento\/"},"modified":"2023-11-01T09:08:01","modified_gmt":"2023-11-01T08:08:01","slug":"berlusconi-fascina-non-ho-superato-lutto-ma-tornero-in-parlamento","status":"publish","type":"post","link":"https:\/\/www.messinaoggi.it\/website\/2023\/11\/01\/berlusconi-fascina-non-ho-superato-lutto-ma-tornero-in-parlamento\/","title":{"rendered":"Berlusconi, Fascina \u201cNon ho superato lutto ma torner\u00f2 in Parlamento\u201d"},"content":{"rendered":"<div>MILANO (ITALPRESS) &#8211; &#8220;Non ho superato il lutto ma torner\u00f2 in Parlamento per la legge di bilancio&#8221;. Lo dice l&#8217;ex compagna di Silvio Berlusconi e deputato di Forza Italia, Marta Fascina in un&#8217;intervista al Corriere della Sera. &#8220;So bene che grava su di me una grande responsabilit\u00e0 nei confronti degli italiani che mi hanno votata. Torner\u00f2 presto alla Camera per onorare il mandato ricevuto. Sicuramente prima delle votazioni sulla legge di Bilancio, che \u00e8 la legge pi\u00f9 importante&#8221; ha aggiunto.(ITALPRESS).<div id=\"div-gpt-ad-Messinaoggi.it-DSK-300x250-corpoart\" style=\"text-align:center;margin:0 auto;\"><\/div><\/p>\n<p>Foto: Agenzia Fotogramma<div id=\"videoincontent\" style=\"clear:both\";><\/div><\/p><\/div>\n","protected":false},"excerpt":{"rendered":"<p>MILANO (ITALPRESS) &#8211; &#8220;Non ho superato il lutto ma torner\u00f2 in Parlamento per la legge di bilancio&#8221;. Lo dice l&#8217;ex compagna di Silvio Berlusconi e deputato di Forza Italia, Marta Fascina in un&#8217;intervista al Corriere della Sera. &#8220;So bene che grava su di me una grande responsabilit\u00e0 nei confronti degli italiani che mi hanno votata. [&hellip;]<\/p>\n","protected":false},"author":18,"featured_media":175050,"comment_status":"closed","ping_status":"closed","sticky":false,"template":"","format":"standard","meta":{"ub_ctt_via":"","_mi_skip_tracking":false},"categories":[446],"tags":[783],"featured_image_src":"https:\/\/www.messinaoggi.it\/website\/wp-content\/uploads\/2023\/11\/20231101_0060.jpg","author_info":{"display_name":"Admin","author_link":"https:\/\/www.messinaoggi.it\/website\/author\/admin\/"},"digistream_id":0,"digistream":false,"_links":{"self":[{"href":"https:\/\/www.messinaoggi.it\/website\/wp-json\/wp\/v2\/posts\/175049"}],"collection":[{"href":"https:\/\/www.messinaoggi.it\/website\/wp-json\/wp\/v2\/posts"}],"about":[{"href":"https:\/\/www.messinaoggi.it\/website\/wp-json\/wp\/v2\/types\/post"}],"author":[{"embeddable":true,"href":"https:\/\/www.messinaoggi.it\/website\/wp-json\/wp\/v2\/users\/18"}],"replies":[{"embeddable":true,"href":"https:\/\/www.messinaoggi.it\/website\/wp-json\/wp\/v2\/comments?post=175049"}],"version-history":[{"count":0,"href":"https:\/\/www.messinaoggi.it\/website\/wp-json\/wp\/v2\/posts\/175049\/revisions"}],"wp:featuredmedia":[{"embeddable":true,"href":"https:\/\/www.messinaoggi.it\/website\/wp-json\/wp\/v2\/media\/175050"}],"wp:attachment":[{"href":"https:\/\/www.messinaoggi.it\/website\/wp-json\/wp\/v2\/media?parent=175049"}],"wp:term":[{"taxonomy":"category","embeddable":true,"href":"https:\/\/www.messinaoggi.it\/website\/wp-json\/wp\/v2\/categories?post=175049"},{"taxonomy":"post_tag","embeddable":true,"href":"https:\/\/www.messinaoggi.it\/website\/wp-json\/wp\/v2\/tags?post=175049"}],"curies":[{"name":"wp","href":"https:\/\/api.w.org\/{rel}","templated":true}]}}