{"id":175045,"date":"2023-11-01T06:55:25","date_gmt":"2023-11-01T05:55:25","guid":{"rendered":"http:\/\/www.messinaoggi.it\/website\/?p=175045"},"modified":"2023-11-01T06:55:26","modified_gmt":"2023-11-01T05:55:26","slug":"papardo-nuova-denuncia-della-uil-fpl-per-comportamento-antisindacale","status":"publish","type":"post","link":"https:\/\/www.messinaoggi.it\/website\/2023\/11\/01\/papardo-nuova-denuncia-della-uil-fpl-per-comportamento-antisindacale\/","title":{"rendered":"Papardo, nuova denuncia della Uil-Fpl per comportamento antisindacale"},"content":{"rendered":"\n<p><em>La UIL FPL di Messina \u00e8 stata costretta a presentare al Tribunale del Lavoro, mediante il legale di fiducia, avv. Oreste Puglisi, <\/em><strong><em>un ulteriore ricorso <\/em><\/strong><em>contro l\u2019Azienda  Ospedaliera Papardo per condotta antisindacale di cui all\u2019art.28 della legge  300\/1970. <\/em><div id=\"div-gpt-ad-Messinaoggi.it-DSK-300x250-corpoart\" style=\"text-align:center;margin:0 auto;\"><\/div><\/p>\n\n\n\n<p><strong><em>\u201cSebbene sia pendente un giudizio <\/em><\/strong><em>per attivit\u00e0 antisindacale, derivante dalla mancata informazione obbligatoria preventiva da dare alle organizzazioni sindacali in merito ad una Convenzione tra l\u2019Universit\u00e0 di Messina e  l\u2019Azienda Ospedaliera Papardo, finalizzata a Clinicizzare alcune UU.OO. dell\u2019A.O.  Papardo quali, Cardiochirurgia, Neurochirurgia e Ortopedia, il Prof. Alberto  Firenze, perseverando nel suo disegno di svilire l\u2019azione delle Organizzazioni  Sindacali ha adottato in data 03\/07\/2023 una ulteriore deliberazione n. 734  modificando, la Convenzione con l\u2019Universit\u00e0 di Messina, senza coinvolgere ancora  una volta le OO.SS.. Tutto ci\u00f2 appare di una gravit\u00e0 inaudita in quanto, il Commissario  Straordinario Prof. Alberto Firenze cosi come il Direttore Amministrativo Avv.  Giancarlo Niutta, con la loro azione amministrativa, si stanno dimostrando accaniti  oppositori delle Organizzazioni Sindacali. Contestualmente, riteniamo che il momento dei Commissari Straordinari <\/em><strong><em>deve  essere superato nel pi\u00f9 breve tempo possibile, <\/em><\/strong><em>al fine di evitare il perpetrarsi delle  <\/em><strong><em>improvvisazioni amministrative <\/em><\/strong><em>e dare seguito a reali programmazioni pluriennali  che sono e rimangono di esclusiva competenza dei Direttori Generali e che a loro  volta, devono procedere alla nomina di Direttori Amministrativi e Sanitari, soltanto  <\/em><strong><em>dopo una attenta valutazione dei titoli posseduti.  <\/em><\/strong><em>Oltre ad essere fiduciosi nei Giudizi che saranno decretati dal Giudice  Ordinario, la UIL FPL auspica che l\u2019Assessore Regionale della Salute, Dr.ssa G.  Volo, prima di affrontare l&#8217;annosa questione delle nomine dei Direttori Generali  delle Aziende Ospedaliere Siciliane tenga in debito conto dell\u2019operato del  Management dell\u2019A.O. Papardo\u201d.<\/em><div id=\"videoincontent\" style=\"clear:both\";><\/div><\/p>\n\n\n\n<p><em>E\u2019 quanto si legge in una nota stampa del segretario generale della Uil-Fpl di Messina, Livio Andronico.  <\/em><\/p>\n","protected":false},"excerpt":{"rendered":"<p>La UIL FPL di Messina \u00e8 stata costretta a presentare al Tribunale del Lavoro, mediante il legale di fiducia, avv. Oreste Puglisi, un ulteriore ricorso contro l\u2019Azienda Ospedaliera Papardo per condotta antisindacale di cui all\u2019art.28 della legge 300\/1970. \u201cSebbene sia pendente un giudizio per attivit\u00e0 antisindacale, derivante dalla mancata informazione obbligatoria preventiva da dare alle [&hellip;]<\/p>\n","protected":false},"author":2,"featured_media":134213,"comment_status":"open","ping_status":"open","sticky":false,"template":"","format":"standard","meta":{"ub_ctt_via":"","_mi_skip_tracking":false},"categories":[19],"tags":[596,2462,812,115],"featured_image_src":"https:\/\/www.messinaoggi.it\/website\/wp-content\/uploads\/2022\/12\/Alberto-Firenze-2.jpg","author_info":{"display_name":"Redazione","author_link":"https:\/\/www.messinaoggi.it\/website\/author\/redazione\/"},"digistream_id":0,"digistream":false,"_links":{"self":[{"href":"https:\/\/www.messinaoggi.it\/website\/wp-json\/wp\/v2\/posts\/175045"}],"collection":[{"href":"https:\/\/www.messinaoggi.it\/website\/wp-json\/wp\/v2\/posts"}],"about":[{"href":"https:\/\/www.messinaoggi.it\/website\/wp-json\/wp\/v2\/types\/post"}],"author":[{"embeddable":true,"href":"https:\/\/www.messinaoggi.it\/website\/wp-json\/wp\/v2\/users\/2"}],"replies":[{"embeddable":true,"href":"https:\/\/www.messinaoggi.it\/website\/wp-json\/wp\/v2\/comments?post=175045"}],"version-history":[{"count":1,"href":"https:\/\/www.messinaoggi.it\/website\/wp-json\/wp\/v2\/posts\/175045\/revisions"}],"predecessor-version":[{"id":175046,"href":"https:\/\/www.messinaoggi.it\/website\/wp-json\/wp\/v2\/posts\/175045\/revisions\/175046"}],"wp:featuredmedia":[{"embeddable":true,"href":"https:\/\/www.messinaoggi.it\/website\/wp-json\/wp\/v2\/media\/134213"}],"wp:attachment":[{"href":"https:\/\/www.messinaoggi.it\/website\/wp-json\/wp\/v2\/media?parent=175045"}],"wp:term":[{"taxonomy":"category","embeddable":true,"href":"https:\/\/www.messinaoggi.it\/website\/wp-json\/wp\/v2\/categories?post=175045"},{"taxonomy":"post_tag","embeddable":true,"href":"https:\/\/www.messinaoggi.it\/website\/wp-json\/wp\/v2\/tags?post=175045"}],"curies":[{"name":"wp","href":"https:\/\/api.w.org\/{rel}","templated":true}]}}