{"id":175013,"date":"2023-10-31T20:08:02","date_gmt":"2023-10-31T19:08:02","guid":{"rendered":"https:\/\/www.messinaoggi.it\/website\/2023\/10\/31\/meloni-litalia-continuera-a-essere-al-fianco-dellucraina\/"},"modified":"2023-10-31T22:19:57","modified_gmt":"2023-10-31T21:19:57","slug":"meloni-litalia-continuera-a-essere-al-fianco-dellucraina","status":"publish","type":"post","link":"https:\/\/www.messinaoggi.it\/website\/2023\/10\/31\/meloni-litalia-continuera-a-essere-al-fianco-dellucraina\/","title":{"rendered":"Meloni \u201cL\u2019Italia continuer\u00e0 a essere al fianco dell\u2019Ucraina\u201d"},"content":{"rendered":"<div>ROMA (ITALPRESS) &#8211; Il presidente del Consiglio, Giorgia Meloni, ha incontrato oggi a Palazzo Chigi Sviatoslav Shevchuk, arcivescovo maggiore di Kyiv-Halyc.<br \/>Nel corso del colloquio, Meloni ha ribadito che &#8220;l&#8217;Italia continuer\u00e0 ad essere al fianco dell&#8217;Ucraina e del suo popolo da ogni punto di vista, da quello politico a quello umanitario, e che proseguir\u00e0 senza sosta nel suo impegno a 360\u00b0 per arrivare ad una pace giusta, duratura e complessiva. Il Presidente del Consiglio ha ribadito che l&#8217;Italia intende dare il suo massimo contributo per il processo di ricostruzione, sottolineando anche la disponibilit\u00e0 gi\u00e0 offerta per i siti culturali della citt\u00e0 di Odessa e la Cattedrale della Trasfigurazione&#8221;. <br \/>L&#8217;arcivescovo Shevchuk ha ringraziato il presidente Meloni per l&#8217;incontro, definito &#8220;storico&#8221;, e ha espresso al Governo &#8220;la profonda gratitudine del popolo ucraino nei confronti degli italiani per l&#8217;accoglienza dei rifugiati, in particolare donne e bambini&#8221;.<br \/>Il presidente del Consiglio ha espresso il suo sostegno alla Chiesa greco-cattolica ucraina &#8220;per la sua fondamentale opera di assistenza umanitaria&#8221; e ha offerto &#8220;la piena disponibilit\u00e0 del governo per sostenerne l&#8217;azione sociale e rafforzare la cooperazione in termini umanitari e sanitari&#8221;.<div id=\"div-gpt-ad-Messinaoggi.it-DSK-300x250-corpoart\" style=\"text-align:center;margin:0 auto;\"><\/div><\/p>\n<p>&#8211; Foto: Agenzia Fotogramma &#8211;<div id=\"videoincontent\" style=\"clear:both\";><\/div><\/p>\n<p>(ITALPRESS).<\/p><\/div>\n","protected":false},"excerpt":{"rendered":"<p>ROMA (ITALPRESS) &#8211; Il presidente del Consiglio, Giorgia Meloni, ha incontrato oggi a Palazzo Chigi Sviatoslav Shevchuk, arcivescovo maggiore di Kyiv-Halyc.Nel corso del colloquio, Meloni ha ribadito che &#8220;l&#8217;Italia continuer\u00e0 ad essere al fianco dell&#8217;Ucraina e del suo popolo da ogni punto di vista, da quello politico a quello umanitario, e che proseguir\u00e0 senza sosta [&hellip;]<\/p>\n","protected":false},"author":18,"featured_media":175014,"comment_status":"closed","ping_status":"closed","sticky":false,"template":"","format":"standard","meta":{"ub_ctt_via":"","_mi_skip_tracking":false},"categories":[446,4],"tags":[783],"featured_image_src":"https:\/\/www.messinaoggi.it\/website\/wp-content\/uploads\/2023\/10\/20231031_1969.jpg","author_info":{"display_name":"Admin","author_link":"https:\/\/www.messinaoggi.it\/website\/author\/admin\/"},"digistream_id":0,"digistream":false,"_links":{"self":[{"href":"https:\/\/www.messinaoggi.it\/website\/wp-json\/wp\/v2\/posts\/175013"}],"collection":[{"href":"https:\/\/www.messinaoggi.it\/website\/wp-json\/wp\/v2\/posts"}],"about":[{"href":"https:\/\/www.messinaoggi.it\/website\/wp-json\/wp\/v2\/types\/post"}],"author":[{"embeddable":true,"href":"https:\/\/www.messinaoggi.it\/website\/wp-json\/wp\/v2\/users\/18"}],"replies":[{"embeddable":true,"href":"https:\/\/www.messinaoggi.it\/website\/wp-json\/wp\/v2\/comments?post=175013"}],"version-history":[{"count":1,"href":"https:\/\/www.messinaoggi.it\/website\/wp-json\/wp\/v2\/posts\/175013\/revisions"}],"predecessor-version":[{"id":175031,"href":"https:\/\/www.messinaoggi.it\/website\/wp-json\/wp\/v2\/posts\/175013\/revisions\/175031"}],"wp:featuredmedia":[{"embeddable":true,"href":"https:\/\/www.messinaoggi.it\/website\/wp-json\/wp\/v2\/media\/175014"}],"wp:attachment":[{"href":"https:\/\/www.messinaoggi.it\/website\/wp-json\/wp\/v2\/media?parent=175013"}],"wp:term":[{"taxonomy":"category","embeddable":true,"href":"https:\/\/www.messinaoggi.it\/website\/wp-json\/wp\/v2\/categories?post=175013"},{"taxonomy":"post_tag","embeddable":true,"href":"https:\/\/www.messinaoggi.it\/website\/wp-json\/wp\/v2\/tags?post=175013"}],"curies":[{"name":"wp","href":"https:\/\/api.w.org\/{rel}","templated":true}]}}