{"id":174987,"date":"2023-10-31T19:07:59","date_gmt":"2023-10-31T18:07:59","guid":{"rendered":"https:\/\/www.messinaoggi.it\/website\/2023\/10\/31\/biotecnologie-greco-litalia-acceleri-su-investimenti-e-brevetti\/"},"modified":"2023-10-31T19:07:59","modified_gmt":"2023-10-31T18:07:59","slug":"biotecnologie-greco-litalia-acceleri-su-investimenti-e-brevetti","status":"publish","type":"post","link":"https:\/\/www.messinaoggi.it\/website\/2023\/10\/31\/biotecnologie-greco-litalia-acceleri-su-investimenti-e-brevetti\/","title":{"rendered":"Biotecnologie, Greco \u201cL\u2019Italia acceleri su investimenti e brevetti\u201d"},"content":{"rendered":"<div>MILANO (ITALPRESS) &#8211; &#8220;Le biotecnologie sono tecnologie abilitanti che possono essere utilizzate in varie aree, dalla salute all&#8217;agricoltura, passando per l&#8217;ambiente. Attualmente circa il 75% degli utilizzi \u00e8 nell&#8217;area della salute, in farmaceutica o diagnostica, \u00e8 un&#8217;area in cui si possono trovare soluzioni in vari campi. Del resto, noi siamo usciti dalla pandemia di Covid grazie alle biotecnologie: i kit diagnostici sono biotecnologici, i vaccini sono per definizione biotecnologici cos\u00ec come le cure sviluppate per il Covid. Tutte le soluzioni trovate per sconfiggere la pandemia sono arrivate grazie alle biotecnologie&#8221;. In un&#8217;intervista all&#8217;Italpress, Fabrizio Greco, presidente di Assobiotec-Federchimica e amministratore delegato di AbbVie Italia, multinazionale americana del settore biofarmaceutico, ha fatto il punto della situazione per quanto riguarda la biotecnologie e il loro sviluppo in Italia: &#8220;Recentemente abbiamo cercato di capire come il nostro paese si posiziona nel contesto globale &#8211; ha spiegato -. Il presupposto \u00e8 che le biotecnologie sono un&#8217;area di competizione globale, chi riesce a trovare una soluzione e a brevettarla poi in qualche modo ha per i successivi dieci anni una sorta di esclusiva. Quindi \u00e8 importante essere competitivi a livello globale &#8211; ha sottolineato Greco -. Abbiamo visto che in uno scenario europeo l&#8217;Italia \u00e8 molto avanzata come ricerca e pubblicazioni, per\u00f2 in tutto ci\u00f2 che \u00e8 l&#8217;utilizzo pratico noi siamo indietro, nel numero di brevetti, nel numero di aziende e start up, negli investimenti in venture capital. Abbiamo capito che c&#8217;\u00e8 qualcosa che dobbiamo modificare, abbiamo eccellenze scientifiche che non riusciamo a tradurre in soluzioni per i cittadini&#8221;.<br \/>E le biotecnologie triplicheranno il proprio mercato da 223 miliardi di euro del 2020 fino a 731 miliardi entro il 2028, per questo motivo \u00e8 importante investire in tal senso: &#8220;E&#8217; necessario, ai talenti che abbiamo gi\u00e0 oggi, offrire opportunit\u00e0 di sviluppo, possibilit\u00e0 di fare ricerca, start up, trovare il modo di generare qualcosa di concreto dalle loro idee &#8211; ha aggiunto -. Quando si compete a livello globale, ci possono essere talenti che vanno fuori, ma anche che da fuori vengono in Italia. Dobbiamo guardare a monte, cercare di aumentare il numero di giovani formati che possono cominciare a fare ricerca. Abbiamo cercato di visualizzare il percorso che porta da un&#8217;idea alla soluzione, tutto nasce dai giovani che devono essere formati. Abbiamo il numero di laureati Stem pi\u00f9 basso di tutti i paesi europei, dobbiamo creare consapevolezza nei giovani che le biotecnologie possono fornire grandi opportunit\u00e0 di sviluppo professionale. Basta numeri chiusi, lasciamo che la competizione si svolga sulla base delle competenze &#8211; ha esortato &#8211; Ci vuole anche un cambiamento culturale da portare avanti. Le opportunit\u00e0 di sviluppo ci sono &#8211; ha concluso Greco -. Dobbiamo capire se vogliamo essere attori attivi o soltanto utilizzatori delle soluzioni di altri&#8221;.<div id=\"div-gpt-ad-Messinaoggi.it-DSK-300x250-corpoart\" style=\"text-align:center;margin:0 auto;\"><\/div><\/p>\n<p>&#8211; Foto Italpress &#8211;<div id=\"videoincontent\" style=\"clear:both\";><\/div><\/p>\n<p>(ITALPRESS).<\/p><\/div>\n","protected":false},"excerpt":{"rendered":"<p>MILANO (ITALPRESS) &#8211; &#8220;Le biotecnologie sono tecnologie abilitanti che possono essere utilizzate in varie aree, dalla salute all&#8217;agricoltura, passando per l&#8217;ambiente. Attualmente circa il 75% degli utilizzi \u00e8 nell&#8217;area della salute, in farmaceutica o diagnostica, \u00e8 un&#8217;area in cui si possono trovare soluzioni in vari campi. Del resto, noi siamo usciti dalla pandemia di Covid [&hellip;]<\/p>\n","protected":false},"author":18,"featured_media":174988,"comment_status":"closed","ping_status":"closed","sticky":false,"template":"","format":"standard","meta":{"ub_ctt_via":"","_mi_skip_tracking":false},"categories":[446],"tags":[783],"featured_image_src":"https:\/\/www.messinaoggi.it\/website\/wp-content\/uploads\/2023\/10\/20231031_1789.jpg","author_info":{"display_name":"Admin","author_link":"https:\/\/www.messinaoggi.it\/website\/author\/admin\/"},"digistream_id":0,"digistream":false,"_links":{"self":[{"href":"https:\/\/www.messinaoggi.it\/website\/wp-json\/wp\/v2\/posts\/174987"}],"collection":[{"href":"https:\/\/www.messinaoggi.it\/website\/wp-json\/wp\/v2\/posts"}],"about":[{"href":"https:\/\/www.messinaoggi.it\/website\/wp-json\/wp\/v2\/types\/post"}],"author":[{"embeddable":true,"href":"https:\/\/www.messinaoggi.it\/website\/wp-json\/wp\/v2\/users\/18"}],"replies":[{"embeddable":true,"href":"https:\/\/www.messinaoggi.it\/website\/wp-json\/wp\/v2\/comments?post=174987"}],"version-history":[{"count":0,"href":"https:\/\/www.messinaoggi.it\/website\/wp-json\/wp\/v2\/posts\/174987\/revisions"}],"wp:featuredmedia":[{"embeddable":true,"href":"https:\/\/www.messinaoggi.it\/website\/wp-json\/wp\/v2\/media\/174988"}],"wp:attachment":[{"href":"https:\/\/www.messinaoggi.it\/website\/wp-json\/wp\/v2\/media?parent=174987"}],"wp:term":[{"taxonomy":"category","embeddable":true,"href":"https:\/\/www.messinaoggi.it\/website\/wp-json\/wp\/v2\/categories?post=174987"},{"taxonomy":"post_tag","embeddable":true,"href":"https:\/\/www.messinaoggi.it\/website\/wp-json\/wp\/v2\/tags?post=174987"}],"curies":[{"name":"wp","href":"https:\/\/api.w.org\/{rel}","templated":true}]}}