{"id":174942,"date":"2023-10-31T15:08:04","date_gmt":"2023-10-31T14:08:04","guid":{"rendered":"https:\/\/www.messinaoggi.it\/website\/2023\/10\/31\/campi-flegrei-musumeci-allerta-puo-salire-a-livello-arancione\/"},"modified":"2023-10-31T15:08:04","modified_gmt":"2023-10-31T14:08:04","slug":"campi-flegrei-musumeci-allerta-puo-salire-a-livello-arancione","status":"publish","type":"post","link":"https:\/\/www.messinaoggi.it\/website\/2023\/10\/31\/campi-flegrei-musumeci-allerta-puo-salire-a-livello-arancione\/","title":{"rendered":"Campi Flegrei, Musumeci \u201cAllerta pu\u00f2 salire a livello arancione\u201d"},"content":{"rendered":"<div>ROMA (ITALPRESS) &#8211; &#8220;La attivit\u00e0 vulcanica nei Campi Flegrei, connessa al bradisismo, risulta essere in costante evoluzione. Non si esclude che, se dovesse perdurare tale situazione, si possa passare al livello di allerta arancione&#8221;. Cos\u00ec il ministro per la Protezione civile Nello Musumeci, assicurando che &#8220;il governo, con le sue strutture operative e scientifiche, segue costantemente la situazione, in continuo contatto con le istituzioni locali&#8221;. La dichiarazione del ministro per la Protezione civile arriva dopo alcuni giorni di intenso lavoro tra il Dipartimento nazionale, l&#8217;Istituto di geofisica e vulcanologia e la commissione Grandi Rischi. Il Dipartimento della Protezione Civile ha infatti acquisito il parere della Commissione Grandi Rischi &#8211; Settore rischio vulcanico, riunitasi il 27 e 28 ottobre su richiesta del Capo Dipartimento, Fabrizio Curcio, per un ulteriore approfondimento tecnico-scientifico sui fenomeni in corso nell&#8217;area dei Campi Flegrei. Nel corso della riunione la Commissione ha iniziato le audizioni di una serie di esperti, italiani e stranieri, con esperienza specifica sui Campi Flegrei.<br \/>In base a quanto emerso e alle valutazioni compiute, la Commissione rileva che l&#8217;insieme dei risultati scientifici rafforza l&#8217;evidenza del coinvolgimento di magma nell&#8217;attuale processo bradisismico di sollevamento del suolo. In particolare, ritiene che il quadro complessivo &#8211; pur se non di univoca interpretazione &#8211; faccia comunque emergere la possibilit\u00e0 che i processi in atto possano evolvere ulteriormente. La Commissione, pertanto, ritiene opportuno che sia le attivit\u00e0 di monitoraggio da parte dei centri di competenza, sia le attivit\u00e0 di prevenzione da parte delle varie componenti del Servizio Nazionale di Protezione civile si intensifichino ulteriormente e si preparino all&#8217;eventuale necessit\u00e0 di passare rapidamente verso un livello di allerta superiore rispetto all&#8217;attuale giallo.<div id=\"div-gpt-ad-Messinaoggi.it-DSK-300x250-corpoart\" style=\"text-align:center;margin:0 auto;\"><\/div><\/p>\n<p> &#8211; Foto: Agenzia Fotogramma &#8211;<br \/>(ITALPRESS).<\/div>\n<div id=\"videoincontent\" style=\"clear:both\";><\/div>","protected":false},"excerpt":{"rendered":"<p>ROMA (ITALPRESS) &#8211; &#8220;La attivit\u00e0 vulcanica nei Campi Flegrei, connessa al bradisismo, risulta essere in costante evoluzione. Non si esclude che, se dovesse perdurare tale situazione, si possa passare al livello di allerta arancione&#8221;. Cos\u00ec il ministro per la Protezione civile Nello Musumeci, assicurando che &#8220;il governo, con le sue strutture operative e scientifiche, segue [&hellip;]<\/p>\n","protected":false},"author":18,"featured_media":174943,"comment_status":"closed","ping_status":"closed","sticky":false,"template":"","format":"standard","meta":{"ub_ctt_via":"","_mi_skip_tracking":false},"categories":[446],"tags":[783],"featured_image_src":"https:\/\/www.messinaoggi.it\/website\/wp-content\/uploads\/2023\/10\/20231031_0843.jpg","author_info":{"display_name":"Admin","author_link":"https:\/\/www.messinaoggi.it\/website\/author\/admin\/"},"digistream_id":0,"digistream":false,"_links":{"self":[{"href":"https:\/\/www.messinaoggi.it\/website\/wp-json\/wp\/v2\/posts\/174942"}],"collection":[{"href":"https:\/\/www.messinaoggi.it\/website\/wp-json\/wp\/v2\/posts"}],"about":[{"href":"https:\/\/www.messinaoggi.it\/website\/wp-json\/wp\/v2\/types\/post"}],"author":[{"embeddable":true,"href":"https:\/\/www.messinaoggi.it\/website\/wp-json\/wp\/v2\/users\/18"}],"replies":[{"embeddable":true,"href":"https:\/\/www.messinaoggi.it\/website\/wp-json\/wp\/v2\/comments?post=174942"}],"version-history":[{"count":0,"href":"https:\/\/www.messinaoggi.it\/website\/wp-json\/wp\/v2\/posts\/174942\/revisions"}],"wp:featuredmedia":[{"embeddable":true,"href":"https:\/\/www.messinaoggi.it\/website\/wp-json\/wp\/v2\/media\/174943"}],"wp:attachment":[{"href":"https:\/\/www.messinaoggi.it\/website\/wp-json\/wp\/v2\/media?parent=174942"}],"wp:term":[{"taxonomy":"category","embeddable":true,"href":"https:\/\/www.messinaoggi.it\/website\/wp-json\/wp\/v2\/categories?post=174942"},{"taxonomy":"post_tag","embeddable":true,"href":"https:\/\/www.messinaoggi.it\/website\/wp-json\/wp\/v2\/tags?post=174942"}],"curies":[{"name":"wp","href":"https:\/\/api.w.org\/{rel}","templated":true}]}}